{"id":85081,"date":"2020-05-11T13:57:58","date_gmt":"2020-05-11T17:57:58","guid":{"rendered":"https:\/\/linitiative.ca\/International\/marches-ramadan-approvisionnement-normal-prix-en-baisse\/"},"modified":"2020-05-11T13:57:58","modified_gmt":"2020-05-11T17:57:58","slug":"marches-ramadan-approvisionnement-normal-prix-en-baisse","status":"publish","type":"post","link":"https:\/\/linitiative.ca\/International\/marches-ramadan-approvisionnement-normal-prix-en-baisse\/","title":{"rendered":"March\u00e9s\/Ramadan: Approvisionnement normal, prix en baisse"},"content":{"rendered":"<p class=\"c4\">Les march\u00e9s sont approvisionn\u00e9s normalement en produits alimentaires, \u00e9nerg\u00e9tiques et d\u2019hygi\u00e8ne alors que les prix des principaux biens de consommation maintiennent le trend baissier ou stable par rapport \u00e0 la 2\u00e8me semaine de ce mois de Ramadan, indique le d\u00e9partement des Affaires g\u00e9n\u00e9rales et de la gouvernance relevant du minist\u00e8re de l\u2019\u00c9conomie, des finances et de la r\u00e9forme de l\u2019administration \u00e0 l\u2019issue de la r\u00e9union, lundi, de\u00a0la commission interminist\u00e9rielle charg\u00e9e du suivi de l\u2019approvisionnement, des prix et des op\u00e9rations de contr\u00f4le de la qualit\u00e9 et des prix.<\/p>\n<p class=\"c4\">\u00ab\u00a0Le suivi quotidien du march\u00e9 par les d\u00e9partements concern\u00e9s fait \u00e9tat d\u2019un approvisionnement normal en produits alimentaires, \u00e9nerg\u00e9tiques et d\u2019hygi\u00e8ne, et que l\u2019offre disponible couvre largement les besoins pour le mois du Ramadan, et m\u00eame plusieurs semaines voire plusieurs mois selon les marchandises\u00a0\u00bb, souligne le d\u00e9partement des Affaires g\u00e9n\u00e9rales et de la gouvernance dans un communiqu\u00e9.<\/p>\n<p class=\"c4\">En outre, les prix des principaux biens de consommation essentiels maintiennent le trend baissier ou stable par rapport \u00e0 la 2\u00e8me semaine de ce mois sacr\u00e9, ainsi que par rapport \u00e0 la m\u00eame p\u00e9riode du mois de Ramadan de l\u2019ann\u00e9e derni\u00e8re, poursuit la m\u00eame source, notant que plusieurs produits ont m\u00eame enregistr\u00e9 des baisses des niveaux des prix.<\/p>\n<p class=\"c4\">La Commission interminist\u00e9rielle s\u2019est r\u00e9unie sous la pr\u00e9sidence du d\u00e9partement des Affaires G\u00e9n\u00e9rales et de la Gouvernance et avec la participation des d\u00e9partements minist\u00e9riels charg\u00e9s de l\u2019Int\u00e9rieur, de l\u2019Agriculture, des P\u00eaches Maritimes, de l\u2019Industrie et du Commerce, et celui de l\u2019Energie et des Mines pour faire le point de la situation de l\u2019approvisionnement, des prix et du contr\u00f4le.<\/p>\n<p>Auteur: Soufiane ELAHMAR<br \/>\n<a href=\"http:\/\/www.mapoujda.ma\/fr\/marches-ramadan-approvisionnement-normal-prix-en-baisse\/\">Cliquez ici pour lire l&rsquo;article depuis sa source.<\/a><\/p>\n","protected":false},"excerpt":{"rendered":"<p>Les march\u00e9s sont approvisionn\u00e9s normalement en produits alimentaires, \u00e9nerg\u00e9tiques et d\u2019hygi\u00e8ne alors que les prix des principaux biens de consommation maintiennent le trend baissier ou stable par rapport \u00e0 la 2\u00e8me semaine de ce mois de Ramadan, indique le d\u00e9partement des Affaires g\u00e9n\u00e9rales et de la gouvernance relevant du minist\u00e8re de l\u2019\u00c9conomie, des finances et [&hellip;]<\/p>\n","protected":false},"author":1788,"featured_media":0,"comment_status":"closed","ping_status":"closed","sticky":false,"template":"","format":"standard","meta":{"fifu_image_url":"","fifu_image_alt":"","footnotes":""},"categories":[54,76],"tags":[],"class_list":["post-85081","post","type-post","status-publish","format-standard","hentry","category-maroc","category-regions"],"_links":{"self":[{"href":"https:\/\/linitiative.ca\/International\/wp-json\/wp\/v2\/posts\/85081","targetHints":{"allow":["GET"]}}],"collection":[{"href":"https:\/\/linitiative.ca\/International\/wp-json\/wp\/v2\/posts"}],"about":[{"href":"https:\/\/linitiative.ca\/International\/wp-json\/wp\/v2\/types\/post"}],"author":[{"embeddable":true,"href":"https:\/\/linitiative.ca\/International\/wp-json\/wp\/v2\/users\/1788"}],"replies":[{"embeddable":true,"href":"https:\/\/linitiative.ca\/International\/wp-json\/wp\/v2\/comments?post=85081"}],"version-history":[{"count":0,"href":"https:\/\/linitiative.ca\/International\/wp-json\/wp\/v2\/posts\/85081\/revisions"}],"wp:attachment":[{"href":"https:\/\/linitiative.ca\/International\/wp-json\/wp\/v2\/media?parent=85081"}],"wp:term":[{"taxonomy":"category","embeddable":true,"href":"https:\/\/linitiative.ca\/International\/wp-json\/wp\/v2\/categories?post=85081"},{"taxonomy":"post_tag","embeddable":true,"href":"https:\/\/linitiative.ca\/International\/wp-json\/wp\/v2\/tags?post=85081"}],"curies":[{"name":"wp","href":"https:\/\/api.w.org\/{rel}","templated":true}]}}