{"id":85082,"date":"2020-05-11T13:33:10","date_gmt":"2020-05-11T17:33:10","guid":{"rendered":"https:\/\/linitiative.ca\/International\/droit-dacces-a-linformation-les-collectivites-territoriales-impliquees\/"},"modified":"2020-05-11T13:33:10","modified_gmt":"2020-05-11T17:33:10","slug":"droit-dacces-a-linformation-les-collectivites-territoriales-impliquees","status":"publish","type":"post","link":"https:\/\/linitiative.ca\/International\/droit-dacces-a-linformation-les-collectivites-territoriales-impliquees\/","title":{"rendered":"Droit d\u2019acc\u00e8s \u00e0 l\u2019information: les collectivit\u00e9s territoriales impliqu\u00e9es"},"content":{"rendered":"<div class=\"body\">\n<div class=\"field field-name-body field-type-text-with-summary field-label-hidden\">\n<div class=\"field-items\" readability=\"8.7960725075529\">\n<div class=\"field-item even\" property=\"content:encoded\" readability=\"12.705438066465\">\n<p class=\"rtejustify\">Le minist\u00e8re de l\u2019Int\u00e9rieur vient de mettre en \u0153uvre le droit d\u2019acc\u00e8s \u00e0 l\u2019information par les Collectivit\u00e9s territoriales. La Direction g\u00e9n\u00e9rale des collectivit\u00e9s locales (DGCL), relevant de l\u2019Int\u00e9rieur, invite depuis le 8 mai les charg\u00e9s de ce droit au niveau des Collectivit\u00e9s Territoriales \u00e0 cr\u00e9er une adresse mail institutionnelle d\u00e9di\u00e9e, \u00e0 mettre \u00e0 disposition des citoyens. La liste des Collectivit\u00e9s avec les adresses mails cr\u00e9\u00e9es sera publi\u00e9e au niveau du portail nationale des collectivit\u00e9s locales <a href=\"http:\/\/www.pncl.gov.ma\">www.pncl.gov.ma<\/a>. Ces derni\u00e8res devront transmettre les adresses mails en question \u00e0 la DGCL avant le 15 mai 2020.<br \/><em>M.A.B.<\/em><\/p>\n<p class=\"rtejustify\">\u00a0<\/p>\n<\/div>\n<\/div>\n<\/div>\n<\/div>\n<div class=\"eco-conseil\">\n<div class=\"view view-eco-conseil-16 view-id-eco_conseil_16 view-display-id-cookies view-dom-id-75b6e3d7afac01405d340c739c9a6e0b\">\n<div class=\"view-content\">\n<div id=\"views-bootstrap-grid-1\" class=\"views-bootstrap-grid-plugin-style\">\n<div class=\"row\">\n<div class=\" col-xs-12 col-lg-4\">\n<div class=\"row\">\n<div class=\"col col-xs-12 col-lg-12\">\n<div class=\"field-content\"><a href=\"\/article\/1061760-l-education-nationale-evalue-la-qualite-du-e-learning\"><img loading=\"lazy\" decoding=\"async\" class=\"img-responsive\" typeof=\"foaf:Image\" src=\"https:\/\/www.leconomiste.com\/sites\/default\/files\/eco7\/public\/styles\/800x400\/public\/default_images\/default_une.jpg?itok=4jZlgnIZ\" width=\"660\" height=\"330\" alt=\"\"\/><\/a><\/div>\n<\/div>\n<div class=\" title_suite_2 col col-xs-12 col-lg-12\"> <a href=\"\/article\/1061760-l-education-nationale-evalue-la-qualite-du-e-learning\"\/><span class=\"field-content\">Article 1061760<\/span><\/div>\n<\/div>\n<\/div>\n<div class=\" col-xs-12 col-lg-4\">\n<div class=\"row\">\n<div class=\"col col-xs-12 col-lg-12\">\n<div class=\"field-content\"><a href=\"\/article\/1061759-moteur-ma-lance-le-test-drive-domicile\"><img loading=\"lazy\" decoding=\"async\" class=\"img-responsive\" typeof=\"foaf:Image\" src=\"https:\/\/www.leconomiste.com\/sites\/default\/files\/eco7\/public\/styles\/800x400\/public\/default_images\/default_une.jpg?itok=4jZlgnIZ\" width=\"660\" height=\"330\" alt=\"\"\/><\/a><\/div>\n<\/div>\n<div class=\" title_suite_2 col col-xs-12 col-lg-12\"> <a href=\"\/article\/1061759-moteur-ma-lance-le-test-drive-domicile\"\/><span class=\"field-content\">Moteur.ma lance le test drive \u00e0 domicile<\/span><\/div>\n<\/div>\n<\/div>\n<div class=\" col-xs-12 col-lg-4\">\n<div class=\"row\">\n<div class=\"col col-xs-12 col-lg-12\">\n<div class=\"field-content\"><a href=\"\/article\/1061758-le-sofitel-bay-d-agadir-ferme-ses-portes\"><img loading=\"lazy\" decoding=\"async\" class=\"img-responsive\" typeof=\"foaf:Image\" src=\"https:\/\/www.leconomiste.com\/sites\/default\/files\/eco7\/public\/styles\/800x400\/public\/default_images\/default_une.jpg?itok=4jZlgnIZ\" width=\"660\" height=\"330\" alt=\"\"\/><\/a><\/div>\n<\/div>\n<div class=\" title_suite_2 col col-xs-12 col-lg-12\"> <a href=\"\/article\/1061758-le-sofitel-bay-d-agadir-ferme-ses-portes\"\/><span class=\"field-content\">Le Sofitel Bay d\u2019Agadir ferme ses portes!<\/span><\/div>\n<\/div>\n<\/div>\n<\/div>\n<\/div>\n<\/div>\n<\/div>\n<\/div>\n<p>Auteur: hlafriqi<br \/>\n<a href=\"https:\/\/www.leconomiste.com\/article\/1061756-droit-d-acces-l-information-les-collectivites-territoriales-impliquees\">Cliquez ici pour lire l&rsquo;article depuis sa source.<\/a><\/p>\n","protected":false},"excerpt":{"rendered":"<p>Le minist\u00e8re de l\u2019Int\u00e9rieur vient de mettre en \u0153uvre le droit d\u2019acc\u00e8s \u00e0 l\u2019information par les Collectivit\u00e9s territoriales. La Direction g\u00e9n\u00e9rale des collectivit\u00e9s locales (DGCL), relevant de l\u2019Int\u00e9rieur, invite depuis le 8 mai les charg\u00e9s de ce droit au niveau des Collectivit\u00e9s Territoriales \u00e0 cr\u00e9er une adresse mail institutionnelle d\u00e9di\u00e9e, \u00e0 mettre \u00e0 disposition des [&hellip;]<\/p>\n","protected":false},"author":1763,"featured_media":0,"comment_status":"closed","ping_status":"closed","sticky":false,"template":"","format":"standard","meta":{"fifu_image_url":"","fifu_image_alt":"","footnotes":""},"categories":[78,54],"tags":[],"class_list":["post-85082","post","type-post","status-publish","format-standard","hentry","category-economie","category-maroc"],"_links":{"self":[{"href":"https:\/\/linitiative.ca\/International\/wp-json\/wp\/v2\/posts\/85082","targetHints":{"allow":["GET"]}}],"collection":[{"href":"https:\/\/linitiative.ca\/International\/wp-json\/wp\/v2\/posts"}],"about":[{"href":"https:\/\/linitiative.ca\/International\/wp-json\/wp\/v2\/types\/post"}],"author":[{"embeddable":true,"href":"https:\/\/linitiative.ca\/International\/wp-json\/wp\/v2\/users\/1763"}],"replies":[{"embeddable":true,"href":"https:\/\/linitiative.ca\/International\/wp-json\/wp\/v2\/comments?post=85082"}],"version-history":[{"count":0,"href":"https:\/\/linitiative.ca\/International\/wp-json\/wp\/v2\/posts\/85082\/revisions"}],"wp:attachment":[{"href":"https:\/\/linitiative.ca\/International\/wp-json\/wp\/v2\/media?parent=85082"}],"wp:term":[{"taxonomy":"category","embeddable":true,"href":"https:\/\/linitiative.ca\/International\/wp-json\/wp\/v2\/categories?post=85082"},{"taxonomy":"post_tag","embeddable":true,"href":"https:\/\/linitiative.ca\/International\/wp-json\/wp\/v2\/tags?post=85082"}],"curies":[{"name":"wp","href":"https:\/\/api.w.org\/{rel}","templated":true}]}}