{"id":85083,"date":"2020-05-11T13:34:19","date_gmt":"2020-05-11T17:34:19","guid":{"rendered":"https:\/\/linitiative.ca\/International\/operation-de-solidarite-inedite-pour-naps\/"},"modified":"2020-05-11T13:34:19","modified_gmt":"2020-05-11T17:34:19","slug":"operation-de-solidarite-inedite-pour-naps","status":"publish","type":"post","link":"https:\/\/linitiative.ca\/International\/operation-de-solidarite-inedite-pour-naps\/","title":{"rendered":"Op\u00e9ration de solidarit\u00e9 in\u00e9dite pour Naps"},"content":{"rendered":"<div class=\"body\">\n<div class=\"field field-name-body field-type-text-with-summary field-label-hidden\">\n<div class=\"field-items\" readability=\"9.8235294117647\">\n<div class=\"field-item even\" property=\"content:encoded\" readability=\"14.735294117647\">\n<p class=\"rtejustify\">Op\u00e9ration de solidarit\u00e9 pour Naps pour Ramadan. Le sp\u00e9cialiste des moyens de paiement \u00e9lectronique, lance une op\u00e9ration sp\u00e9ciale Ramadan \u00abs\u2019en sortir sans sortir\u00bb, pour permettre de venir en aide aux familles dans le besoin. Le donateur peut ainsi commander la carte au profit d\u2019un tiers de son choix et la recharger avec le montant souhait\u00e9\u2026 La filiale de M2M Group qui offre exceptionnellement la carte gracieusement (0 DH au lieu de 99 DH) dans le cadre de cette op\u00e9ration, en assurera la livraison au b\u00e9n\u00e9ficiaire. La commande de la carte se fait par le biais du Centre de Relation Client, ou envoyer un mail \u00e0 l\u2019adresse suivante (<a href=\"\/cdn-cgi\/l\/email-protection#ea8b899e838584988b878b8e8b84aa848b9a99c4878b\"><span class=\"__cf_email__\" data-cfemail=\"88e9ebfce1e7e6fae9e5e9ece9e6c8e6e9f8fba6e5e9\">[email\u00a0protected]<\/span><\/a>) pour commander la carte. Le donateur re\u00e7oit par la suite un mail contenant un lien de paiement pour s\u2019acquitter du montant initial de la recharge. Les m\u00eames canaux sont \u00e9galement utilis\u00e9s pour les recharges suppl\u00e9mentaires et ult\u00e9rieures. Elles peuvent \u00e9galement \u00eatre effectu\u00e9es via l\u2019application mobile Naps, ou en agence.<br \/><em>\u00a0M.A.B.<\/em><\/p>\n<\/div>\n<\/div>\n<\/div>\n<\/div>\n<div class=\"eco-conseil\">\n<div class=\"view view-eco-conseil-16 view-id-eco_conseil_16 view-display-id-cookies view-dom-id-f02b02ceda00c0adf36e42e024eca02d\">\n<div class=\"view-content\">\n<div id=\"views-bootstrap-grid-1\" class=\"views-bootstrap-grid-plugin-style\">\n<div class=\"row\">\n<div class=\" col-xs-12 col-lg-4\">\n<div class=\"row\">\n<div class=\"col col-xs-12 col-lg-12\">\n<div class=\"field-content\"><a href=\"\/article\/1061760-l-education-nationale-evalue-la-qualite-du-e-learning\"><img loading=\"lazy\" decoding=\"async\" class=\"img-responsive\" typeof=\"foaf:Image\" src=\"https:\/\/www.leconomiste.com\/sites\/default\/files\/eco7\/public\/styles\/800x400\/public\/default_images\/default_une.jpg?itok=4jZlgnIZ\" width=\"660\" height=\"330\" alt=\"\"\/><\/a><\/div>\n<\/div>\n<div class=\" title_suite_2 col col-xs-12 col-lg-12\"> <a href=\"\/article\/1061760-l-education-nationale-evalue-la-qualite-du-e-learning\"\/><span class=\"field-content\">Article 1061760<\/span><\/div>\n<\/div>\n<\/div>\n<div class=\" col-xs-12 col-lg-4\">\n<div class=\"row\">\n<div class=\"col col-xs-12 col-lg-12\">\n<div class=\"field-content\"><a href=\"\/article\/1061759-moteur-ma-lance-le-test-drive-domicile\"><img loading=\"lazy\" decoding=\"async\" class=\"img-responsive\" typeof=\"foaf:Image\" src=\"https:\/\/www.leconomiste.com\/sites\/default\/files\/eco7\/public\/styles\/800x400\/public\/default_images\/default_une.jpg?itok=4jZlgnIZ\" width=\"660\" height=\"330\" alt=\"\"\/><\/a><\/div>\n<\/div>\n<div class=\" title_suite_2 col col-xs-12 col-lg-12\"> <a href=\"\/article\/1061759-moteur-ma-lance-le-test-drive-domicile\"\/><span class=\"field-content\">Moteur.ma lance le test drive \u00e0 domicile<\/span><\/div>\n<\/div>\n<\/div>\n<div class=\" col-xs-12 col-lg-4\">\n<div class=\"row\">\n<div class=\"col col-xs-12 col-lg-12\">\n<div class=\"field-content\"><a href=\"\/article\/1061758-le-sofitel-bay-d-agadir-ferme-ses-portes\"><img loading=\"lazy\" decoding=\"async\" class=\"img-responsive\" typeof=\"foaf:Image\" src=\"https:\/\/www.leconomiste.com\/sites\/default\/files\/eco7\/public\/styles\/800x400\/public\/default_images\/default_une.jpg?itok=4jZlgnIZ\" width=\"660\" height=\"330\" alt=\"\"\/><\/a><\/div>\n<\/div>\n<div class=\" title_suite_2 col col-xs-12 col-lg-12\"> <a href=\"\/article\/1061758-le-sofitel-bay-d-agadir-ferme-ses-portes\"\/><span class=\"field-content\">Le Sofitel Bay d\u2019Agadir ferme ses portes!<\/span><\/div>\n<\/div>\n<\/div>\n<\/div>\n<\/div>\n<\/div>\n<\/div>\n<\/div>\n<p>Auteur: hlafriqi<br \/>\n<a href=\"https:\/\/www.leconomiste.com\/article\/1061757-operation-de-solidarite-inedite-pour-naps\">Cliquez ici pour lire l&rsquo;article depuis sa source.<\/a><\/p>\n","protected":false},"excerpt":{"rendered":"<p>Op\u00e9ration de solidarit\u00e9 pour Naps pour Ramadan. Le sp\u00e9cialiste des moyens de paiement \u00e9lectronique, lance une op\u00e9ration sp\u00e9ciale Ramadan \u00abs\u2019en sortir sans sortir\u00bb, pour permettre de venir en aide aux familles dans le besoin. Le donateur peut ainsi commander la carte au profit d\u2019un tiers de son choix et la recharger avec le montant souhait\u00e9\u2026 [&hellip;]<\/p>\n","protected":false},"author":1763,"featured_media":0,"comment_status":"closed","ping_status":"closed","sticky":false,"template":"","format":"standard","meta":{"fifu_image_url":"","fifu_image_alt":"","footnotes":""},"categories":[78,54],"tags":[],"class_list":["post-85083","post","type-post","status-publish","format-standard","hentry","category-economie","category-maroc"],"_links":{"self":[{"href":"https:\/\/linitiative.ca\/International\/wp-json\/wp\/v2\/posts\/85083","targetHints":{"allow":["GET"]}}],"collection":[{"href":"https:\/\/linitiative.ca\/International\/wp-json\/wp\/v2\/posts"}],"about":[{"href":"https:\/\/linitiative.ca\/International\/wp-json\/wp\/v2\/types\/post"}],"author":[{"embeddable":true,"href":"https:\/\/linitiative.ca\/International\/wp-json\/wp\/v2\/users\/1763"}],"replies":[{"embeddable":true,"href":"https:\/\/linitiative.ca\/International\/wp-json\/wp\/v2\/comments?post=85083"}],"version-history":[{"count":0,"href":"https:\/\/linitiative.ca\/International\/wp-json\/wp\/v2\/posts\/85083\/revisions"}],"wp:attachment":[{"href":"https:\/\/linitiative.ca\/International\/wp-json\/wp\/v2\/media?parent=85083"}],"wp:term":[{"taxonomy":"category","embeddable":true,"href":"https:\/\/linitiative.ca\/International\/wp-json\/wp\/v2\/categories?post=85083"},{"taxonomy":"post_tag","embeddable":true,"href":"https:\/\/linitiative.ca\/International\/wp-json\/wp\/v2\/tags?post=85083"}],"curies":[{"name":"wp","href":"https:\/\/api.w.org\/{rel}","templated":true}]}}