{"id":85084,"date":"2020-05-11T13:35:59","date_gmt":"2020-05-11T17:35:59","guid":{"rendered":"https:\/\/linitiative.ca\/International\/le-sofitel-bay-dagadir-ferme-ses-portes\/"},"modified":"2020-05-11T13:35:59","modified_gmt":"2020-05-11T17:35:59","slug":"le-sofitel-bay-dagadir-ferme-ses-portes","status":"publish","type":"post","link":"https:\/\/linitiative.ca\/International\/le-sofitel-bay-dagadir-ferme-ses-portes\/","title":{"rendered":"Le Sofitel Bay d\u2019Agadir ferme ses portes!"},"content":{"rendered":"<div class=\"author\" readability=\"5.7931034482759\"> Par <a href=\"\/content\/jihad-rizk\">Jihad RIZK <\/a> <a href=\"\/node\/\"> <\/a> | Edition N\u00b0:5759 Le 12\/05\/2020 | Partager <\/div>\n<div class=\"body\">\n<div class=\"field field-name-body field-type-text-with-summary field-label-hidden\">\n<div class=\"field-items\" readability=\"10\">\n<div class=\"field-item even\" property=\"content:encoded\" readability=\"15\">\n<p class=\"rtejustify\">Fermeture totale de l\u2019un des prestigieux \u00e9tablissements h\u00f4teliers d\u2019Agadir. Il s\u2019agit du Sofitel Bay! En effet, le contrat de gestion liant le groupe Risma\/Accor au propri\u00e9taire du Sofitel Agadir Royal Bay Resort prendra fin le 30 juin prochain. De sources s\u00fbres, Risma ne compte pas renouveler le contrat de g\u00e9rance de cet h\u00f4tel. Sis au Founty, le management de ce fleuron de l\u2019h\u00f4tellerie marocaine est en train de remercier son personnel. Contact\u00e9s par L\u2019Economiste, les dirigeants de Risma\/Accor sont rest\u00e9s injoignables, lundi 11 mai.<br \/><em>J.R.<\/em><\/p>\n<\/div>\n<\/div>\n<\/div>\n<\/div>\n<div class=\"eco-conseil\">\n<div class=\"view view-eco-conseil-16 view-id-eco_conseil_16 view-display-id-cookies view-dom-id-69d1649dc4ac713f537d0a33d11c7ff9\">\n<div class=\"view-content\">\n<div id=\"views-bootstrap-grid-1\" class=\"views-bootstrap-grid-plugin-style\">\n<div class=\"row\">\n<div class=\" col-xs-12 col-lg-4\">\n<div class=\"row\">\n<div class=\"col col-xs-12 col-lg-12\">\n<div class=\"field-content\"><a href=\"\/article\/1061760-l-education-nationale-evalue-la-qualite-du-e-learning\"><img loading=\"lazy\" decoding=\"async\" class=\"img-responsive\" typeof=\"foaf:Image\" src=\"https:\/\/www.leconomiste.com\/sites\/default\/files\/eco7\/public\/styles\/800x400\/public\/default_images\/default_une.jpg?itok=4jZlgnIZ\" width=\"660\" height=\"330\" alt=\"\"\/><\/a><\/div>\n<\/div>\n<div class=\" title_suite_2 col col-xs-12 col-lg-12\"> <a href=\"\/article\/1061760-l-education-nationale-evalue-la-qualite-du-e-learning\"\/><span class=\"field-content\">Article 1061760<\/span><\/div>\n<\/div>\n<\/div>\n<div class=\" col-xs-12 col-lg-4\">\n<div class=\"row\">\n<div class=\"col col-xs-12 col-lg-12\">\n<div class=\"field-content\"><a href=\"\/article\/1061759-moteur-ma-lance-le-test-drive-domicile\"><img loading=\"lazy\" decoding=\"async\" class=\"img-responsive\" typeof=\"foaf:Image\" src=\"https:\/\/www.leconomiste.com\/sites\/default\/files\/eco7\/public\/styles\/800x400\/public\/default_images\/default_une.jpg?itok=4jZlgnIZ\" width=\"660\" height=\"330\" alt=\"\"\/><\/a><\/div>\n<\/div>\n<div class=\" title_suite_2 col col-xs-12 col-lg-12\"> <a href=\"\/article\/1061759-moteur-ma-lance-le-test-drive-domicile\"\/><span class=\"field-content\">Moteur.ma lance le test drive \u00e0 domicile<\/span><\/div>\n<\/div>\n<\/div>\n<div class=\" col-xs-12 col-lg-4\">\n<div class=\"row\">\n<div class=\"col col-xs-12 col-lg-12\">\n<div class=\"field-content\"><a href=\"\/article\/1061757-operation-de-solidarite-inedite-pour-naps\"><img loading=\"lazy\" decoding=\"async\" class=\"img-responsive\" typeof=\"foaf:Image\" src=\"https:\/\/www.leconomiste.com\/sites\/default\/files\/eco7\/public\/styles\/800x400\/public\/default_images\/default_une.jpg?itok=4jZlgnIZ\" width=\"660\" height=\"330\" alt=\"\"\/><\/a><\/div>\n<\/div>\n<div class=\" title_suite_2 col col-xs-12 col-lg-12\"> <a href=\"\/article\/1061757-operation-de-solidarite-inedite-pour-naps\"\/><span class=\"field-content\">Op\u00e9ration de solidarit\u00e9 in\u00e9dite pour Naps <\/span><\/div>\n<\/div>\n<\/div>\n<\/div>\n<\/div>\n<\/div>\n<\/div>\n<\/div>\n<p>Auteur: hlafriqi<br \/>\n<a href=\"https:\/\/www.leconomiste.com\/article\/1061758-le-sofitel-bay-d-agadir-ferme-ses-portes\">Cliquez ici pour lire l&rsquo;article depuis sa source.<\/a><\/p>\n","protected":false},"excerpt":{"rendered":"<p>Par Jihad RIZK | Edition N\u00b0:5759 Le 12\/05\/2020 | Partager Fermeture totale de l\u2019un des prestigieux \u00e9tablissements h\u00f4teliers d\u2019Agadir. Il s\u2019agit du Sofitel Bay! En effet, le contrat de gestion liant le groupe Risma\/Accor au propri\u00e9taire du Sofitel Agadir Royal Bay Resort prendra fin le 30 juin prochain. De sources s\u00fbres, Risma ne compte pas [&hellip;]<\/p>\n","protected":false},"author":1763,"featured_media":0,"comment_status":"closed","ping_status":"closed","sticky":false,"template":"","format":"standard","meta":{"fifu_image_url":"","fifu_image_alt":"","footnotes":""},"categories":[78,54],"tags":[],"class_list":["post-85084","post","type-post","status-publish","format-standard","hentry","category-economie","category-maroc"],"_links":{"self":[{"href":"https:\/\/linitiative.ca\/International\/wp-json\/wp\/v2\/posts\/85084","targetHints":{"allow":["GET"]}}],"collection":[{"href":"https:\/\/linitiative.ca\/International\/wp-json\/wp\/v2\/posts"}],"about":[{"href":"https:\/\/linitiative.ca\/International\/wp-json\/wp\/v2\/types\/post"}],"author":[{"embeddable":true,"href":"https:\/\/linitiative.ca\/International\/wp-json\/wp\/v2\/users\/1763"}],"replies":[{"embeddable":true,"href":"https:\/\/linitiative.ca\/International\/wp-json\/wp\/v2\/comments?post=85084"}],"version-history":[{"count":0,"href":"https:\/\/linitiative.ca\/International\/wp-json\/wp\/v2\/posts\/85084\/revisions"}],"wp:attachment":[{"href":"https:\/\/linitiative.ca\/International\/wp-json\/wp\/v2\/media?parent=85084"}],"wp:term":[{"taxonomy":"category","embeddable":true,"href":"https:\/\/linitiative.ca\/International\/wp-json\/wp\/v2\/categories?post=85084"},{"taxonomy":"post_tag","embeddable":true,"href":"https:\/\/linitiative.ca\/International\/wp-json\/wp\/v2\/tags?post=85084"}],"curies":[{"name":"wp","href":"https:\/\/api.w.org\/{rel}","templated":true}]}}