{"id":85085,"date":"2020-05-11T13:36:54","date_gmt":"2020-05-11T17:36:54","guid":{"rendered":"https:\/\/linitiative.ca\/International\/moteur-ma-lance-le-test-drive-a-domicile\/"},"modified":"2020-05-11T13:36:54","modified_gmt":"2020-05-11T17:36:54","slug":"moteur-ma-lance-le-test-drive-a-domicile","status":"publish","type":"post","link":"https:\/\/linitiative.ca\/International\/moteur-ma-lance-le-test-drive-a-domicile\/","title":{"rendered":"Moteur.ma lance le test drive \u00e0 domicile"},"content":{"rendered":"<div class=\"author\" readability=\"5.7931034482759\"> Par <a href=\"\/content\/amin-rboub\">Amin RBOUB<\/a> <a href=\"\/node\/\"> <\/a> | Edition N\u00b0:5759 Le 12\/05\/2020 | Partager <\/div>\n<div class=\"body\">\n<div class=\"field field-name-body field-type-text-with-summary field-label-hidden\">\n<div class=\"field-items\" readability=\"10\">\n<div class=\"field-item even\" property=\"content:encoded\" readability=\"15\">\n<p class=\"rtejustify\">Dans ce contexte de m\u00e9ventes dans l\u2019automobile, quoi de mieux que de susciter l\u2019acte d\u2019achat apr\u00e8s le confinement. C\u2019est dans cet esprit que la Marketplace Moteur.ma lance le test drive \u00e0 domicile. Une op\u00e9ration initi\u00e9e en coop\u00e9ration avec l\u2019investisseur malaisien Frontier Digital Ventures (FDV). Il s\u2019agit l\u00e0 d\u2019une solution in\u00e9dite pour r\u00e9server un essai automobile en ligne et se faire livrer le v\u00e9hicule neuf au choix partout dans les villes du Maroc. Selon les promoteurs de ce projet, la demande d\u2019un test drive est per\u00e7ue comme un d\u00e9but du processus de vente. D\u2019autant plus, il n\u2019y a pas de garantie \u00e0 pr\u00e9senter, ni de mesures d\u2019assurance \u00e0 prendre, l\u2019essai est gratuit dans son int\u00e9gralit\u00e9.<br \/><em>A.R.<\/em><\/p>\n<\/div>\n<\/div>\n<\/div>\n<\/div>\n<div class=\"eco-conseil\">\n<div class=\"view view-eco-conseil-16 view-id-eco_conseil_16 view-display-id-cookies view-dom-id-3883906a6e41a916587eb14ce43cc942\">\n<div class=\"view-content\">\n<div id=\"views-bootstrap-grid-1\" class=\"views-bootstrap-grid-plugin-style\">\n<div class=\"row\">\n<div class=\" col-xs-12 col-lg-4\">\n<div class=\"row\">\n<div class=\"col col-xs-12 col-lg-12\">\n<div class=\"field-content\"><a href=\"\/article\/1061760-l-education-nationale-evalue-la-qualite-du-e-learning\"><img loading=\"lazy\" decoding=\"async\" class=\"img-responsive\" typeof=\"foaf:Image\" src=\"https:\/\/www.leconomiste.com\/sites\/default\/files\/eco7\/public\/styles\/800x400\/public\/default_images\/default_une.jpg?itok=4jZlgnIZ\" width=\"660\" height=\"330\" alt=\"\"\/><\/a><\/div>\n<\/div>\n<div class=\" title_suite_2 col col-xs-12 col-lg-12\"> <a href=\"\/article\/1061760-l-education-nationale-evalue-la-qualite-du-e-learning\"\/><span class=\"field-content\">Article 1061760<\/span><\/div>\n<\/div>\n<\/div>\n<div class=\" col-xs-12 col-lg-4\">\n<div class=\"row\">\n<div class=\"col col-xs-12 col-lg-12\">\n<div class=\"field-content\"><a href=\"\/article\/1061758-le-sofitel-bay-d-agadir-ferme-ses-portes\"><img loading=\"lazy\" decoding=\"async\" class=\"img-responsive\" typeof=\"foaf:Image\" src=\"https:\/\/www.leconomiste.com\/sites\/default\/files\/eco7\/public\/styles\/800x400\/public\/default_images\/default_une.jpg?itok=4jZlgnIZ\" width=\"660\" height=\"330\" alt=\"\"\/><\/a><\/div>\n<\/div>\n<div class=\" title_suite_2 col col-xs-12 col-lg-12\"> <a href=\"\/article\/1061758-le-sofitel-bay-d-agadir-ferme-ses-portes\"\/><span class=\"field-content\">Le Sofitel Bay d\u2019Agadir ferme ses portes!<\/span><\/div>\n<\/div>\n<\/div>\n<div class=\" col-xs-12 col-lg-4\">\n<div class=\"row\">\n<div class=\"col col-xs-12 col-lg-12\">\n<div class=\"field-content\"><a href=\"\/article\/1061757-operation-de-solidarite-inedite-pour-naps\"><img loading=\"lazy\" decoding=\"async\" class=\"img-responsive\" typeof=\"foaf:Image\" src=\"https:\/\/www.leconomiste.com\/sites\/default\/files\/eco7\/public\/styles\/800x400\/public\/default_images\/default_une.jpg?itok=4jZlgnIZ\" width=\"660\" height=\"330\" alt=\"\"\/><\/a><\/div>\n<\/div>\n<div class=\" title_suite_2 col col-xs-12 col-lg-12\"> <a href=\"\/article\/1061757-operation-de-solidarite-inedite-pour-naps\"\/><span class=\"field-content\">Op\u00e9ration de solidarit\u00e9 in\u00e9dite pour Naps <\/span><\/div>\n<\/div>\n<\/div>\n<\/div>\n<\/div>\n<\/div>\n<\/div>\n<\/div>\n<p>Auteur: hlafriqi<br \/>\n<a href=\"https:\/\/www.leconomiste.com\/article\/1061759-moteur-ma-lance-le-test-drive-domicile\">Cliquez ici pour lire l&rsquo;article depuis sa source.<\/a><\/p>\n","protected":false},"excerpt":{"rendered":"<p>Par Amin RBOUB | Edition N\u00b0:5759 Le 12\/05\/2020 | Partager Dans ce contexte de m\u00e9ventes dans l\u2019automobile, quoi de mieux que de susciter l\u2019acte d\u2019achat apr\u00e8s le confinement. C\u2019est dans cet esprit que la Marketplace Moteur.ma lance le test drive \u00e0 domicile. Une op\u00e9ration initi\u00e9e en coop\u00e9ration avec l\u2019investisseur malaisien Frontier Digital Ventures (FDV). Il [&hellip;]<\/p>\n","protected":false},"author":1763,"featured_media":0,"comment_status":"closed","ping_status":"closed","sticky":false,"template":"","format":"standard","meta":{"fifu_image_url":"","fifu_image_alt":"","footnotes":""},"categories":[78,54],"tags":[],"class_list":["post-85085","post","type-post","status-publish","format-standard","hentry","category-economie","category-maroc"],"_links":{"self":[{"href":"https:\/\/linitiative.ca\/International\/wp-json\/wp\/v2\/posts\/85085","targetHints":{"allow":["GET"]}}],"collection":[{"href":"https:\/\/linitiative.ca\/International\/wp-json\/wp\/v2\/posts"}],"about":[{"href":"https:\/\/linitiative.ca\/International\/wp-json\/wp\/v2\/types\/post"}],"author":[{"embeddable":true,"href":"https:\/\/linitiative.ca\/International\/wp-json\/wp\/v2\/users\/1763"}],"replies":[{"embeddable":true,"href":"https:\/\/linitiative.ca\/International\/wp-json\/wp\/v2\/comments?post=85085"}],"version-history":[{"count":0,"href":"https:\/\/linitiative.ca\/International\/wp-json\/wp\/v2\/posts\/85085\/revisions"}],"wp:attachment":[{"href":"https:\/\/linitiative.ca\/International\/wp-json\/wp\/v2\/media?parent=85085"}],"wp:term":[{"taxonomy":"category","embeddable":true,"href":"https:\/\/linitiative.ca\/International\/wp-json\/wp\/v2\/categories?post=85085"},{"taxonomy":"post_tag","embeddable":true,"href":"https:\/\/linitiative.ca\/International\/wp-json\/wp\/v2\/tags?post=85085"}],"curies":[{"name":"wp","href":"https:\/\/api.w.org\/{rel}","templated":true}]}}