{"id":85086,"date":"2020-05-11T13:38:24","date_gmt":"2020-05-11T17:38:24","guid":{"rendered":"https:\/\/linitiative.ca\/International\/article-1061760\/"},"modified":"2020-05-11T13:38:24","modified_gmt":"2020-05-11T17:38:24","slug":"article-1061760","status":"publish","type":"post","link":"https:\/\/linitiative.ca\/International\/article-1061760\/","title":{"rendered":"Article 1061760"},"content":{"rendered":"<div class=\"author\" readability=\"5.6949152542373\"> Par <a href=\"\/content\/ahlam-nazih\"> Ahlam NAZIH<\/a> <a href=\"\/node\/\"> <\/a> | Edition N\u00b0:5759 Le 12\/05\/2020 | Partager <\/div>\n<div class=\"body\">\n<div class=\"field field-name-body field-type-text-with-summary field-label-hidden\">\n<div class=\"field-items\" readability=\"11.268011527378\">\n<div class=\"field-item even\" property=\"content:encoded\" readability=\"17.636887608069\">\n<p class=\"rtejustify\">M\u00eame si pratiquement toutes les \u00e9coles ont maintenu les cours \u00e0 distance, la qualit\u00e9 n\u2019est pas toujours au rendez-vous. L\u2019Education nationale souhaite \u00e9valuer l\u2019offre en ligne afin de mettre le doigt sur les dysfonctionnements.\u00a0 Un sondage national a ainsi \u00e9t\u00e9 lanc\u00e9 pour le primaire-secondaire. Parents, \u00e9l\u00e8ves et enseignants peuvent y participer via trois sites: <a href=\"http:\/\/www.men.gov.ma\">www.men.gov.ma<\/a>, taalimtice.ma et telmidtice.men.gov.ma. Les participants donneront leur avis sur la motivation des \u00e9l\u00e8ves, le suivi des parents, la communication avec les \u00e9tablissements, les outils technologiques utilis\u00e9s et les moyens mobilis\u00e9s par le minist\u00e8re (classes virtuelles, t\u00e9l\u00e9, sites\u2026).<br \/><em>A.Na<\/em><\/p>\n<\/div>\n<\/div>\n<\/div>\n<\/div>\n<div class=\"eco-conseil\">\n<div class=\"view view-eco-conseil-16 view-id-eco_conseil_16 view-display-id-cookies view-dom-id-107559cc6e07277f39be4b567d99ddee\">\n<div class=\"view-content\">\n<div id=\"views-bootstrap-grid-1\" class=\"views-bootstrap-grid-plugin-style\">\n<div class=\"row\">\n<div class=\" col-xs-12 col-lg-4\">\n<div class=\"row\">\n<div class=\"col col-xs-12 col-lg-12\">\n<div class=\"field-content\"><a href=\"\/article\/1061759-moteur-ma-lance-le-test-drive-domicile\"><img loading=\"lazy\" decoding=\"async\" class=\"img-responsive\" typeof=\"foaf:Image\" src=\"https:\/\/www.leconomiste.com\/sites\/default\/files\/eco7\/public\/styles\/800x400\/public\/default_images\/default_une.jpg?itok=4jZlgnIZ\" width=\"660\" height=\"330\" alt=\"\"\/><\/a><\/div>\n<\/div>\n<div class=\" title_suite_2 col col-xs-12 col-lg-12\"> <a href=\"\/article\/1061759-moteur-ma-lance-le-test-drive-domicile\"\/><span class=\"field-content\">Moteur.ma lance le test drive \u00e0 domicile<\/span><\/div>\n<\/div>\n<\/div>\n<div class=\" col-xs-12 col-lg-4\">\n<div class=\"row\">\n<div class=\"col col-xs-12 col-lg-12\">\n<div class=\"field-content\"><a href=\"\/article\/1061758-le-sofitel-bay-d-agadir-ferme-ses-portes\"><img loading=\"lazy\" decoding=\"async\" class=\"img-responsive\" typeof=\"foaf:Image\" src=\"https:\/\/www.leconomiste.com\/sites\/default\/files\/eco7\/public\/styles\/800x400\/public\/default_images\/default_une.jpg?itok=4jZlgnIZ\" width=\"660\" height=\"330\" alt=\"\"\/><\/a><\/div>\n<\/div>\n<div class=\" title_suite_2 col col-xs-12 col-lg-12\"> <a href=\"\/article\/1061758-le-sofitel-bay-d-agadir-ferme-ses-portes\"\/><span class=\"field-content\">Le Sofitel Bay d\u2019Agadir ferme ses portes!<\/span><\/div>\n<\/div>\n<\/div>\n<div class=\" col-xs-12 col-lg-4\">\n<div class=\"row\">\n<div class=\"col col-xs-12 col-lg-12\">\n<div class=\"field-content\"><a href=\"\/article\/1061757-operation-de-solidarite-inedite-pour-naps\"><img loading=\"lazy\" decoding=\"async\" class=\"img-responsive\" typeof=\"foaf:Image\" src=\"https:\/\/www.leconomiste.com\/sites\/default\/files\/eco7\/public\/styles\/800x400\/public\/default_images\/default_une.jpg?itok=4jZlgnIZ\" width=\"660\" height=\"330\" alt=\"\"\/><\/a><\/div>\n<\/div>\n<div class=\" title_suite_2 col col-xs-12 col-lg-12\"> <a href=\"\/article\/1061757-operation-de-solidarite-inedite-pour-naps\"\/><span class=\"field-content\">Op\u00e9ration de solidarit\u00e9 in\u00e9dite pour Naps <\/span><\/div>\n<\/div>\n<\/div>\n<\/div>\n<\/div>\n<\/div>\n<\/div>\n<\/div>\n<p>Auteur: hlafriqi<br \/>\n<a href=\"https:\/\/www.leconomiste.com\/article\/1061760-l-education-nationale-evalue-la-qualite-du-e-learning\">Cliquez ici pour lire l&rsquo;article depuis sa source.<\/a><\/p>\n","protected":false},"excerpt":{"rendered":"<p>Par Ahlam NAZIH | Edition N\u00b0:5759 Le 12\/05\/2020 | Partager M\u00eame si pratiquement toutes les \u00e9coles ont maintenu les cours \u00e0 distance, la qualit\u00e9 n\u2019est pas toujours au rendez-vous. L\u2019Education nationale souhaite \u00e9valuer l\u2019offre en ligne afin de mettre le doigt sur les dysfonctionnements.\u00a0 Un sondage national a ainsi \u00e9t\u00e9 lanc\u00e9 pour le primaire-secondaire. Parents, [&hellip;]<\/p>\n","protected":false},"author":1763,"featured_media":0,"comment_status":"closed","ping_status":"closed","sticky":false,"template":"","format":"standard","meta":{"fifu_image_url":"","fifu_image_alt":"","footnotes":""},"categories":[78,54],"tags":[],"class_list":["post-85086","post","type-post","status-publish","format-standard","hentry","category-economie","category-maroc"],"_links":{"self":[{"href":"https:\/\/linitiative.ca\/International\/wp-json\/wp\/v2\/posts\/85086","targetHints":{"allow":["GET"]}}],"collection":[{"href":"https:\/\/linitiative.ca\/International\/wp-json\/wp\/v2\/posts"}],"about":[{"href":"https:\/\/linitiative.ca\/International\/wp-json\/wp\/v2\/types\/post"}],"author":[{"embeddable":true,"href":"https:\/\/linitiative.ca\/International\/wp-json\/wp\/v2\/users\/1763"}],"replies":[{"embeddable":true,"href":"https:\/\/linitiative.ca\/International\/wp-json\/wp\/v2\/comments?post=85086"}],"version-history":[{"count":0,"href":"https:\/\/linitiative.ca\/International\/wp-json\/wp\/v2\/posts\/85086\/revisions"}],"wp:attachment":[{"href":"https:\/\/linitiative.ca\/International\/wp-json\/wp\/v2\/media?parent=85086"}],"wp:term":[{"taxonomy":"category","embeddable":true,"href":"https:\/\/linitiative.ca\/International\/wp-json\/wp\/v2\/categories?post=85086"},{"taxonomy":"post_tag","embeddable":true,"href":"https:\/\/linitiative.ca\/International\/wp-json\/wp\/v2\/tags?post=85086"}],"curies":[{"name":"wp","href":"https:\/\/api.w.org\/{rel}","templated":true}]}}