{"id":85087,"date":"2020-05-11T15:13:40","date_gmt":"2020-05-11T19:13:40","guid":{"rendered":"https:\/\/linitiative.ca\/International\/equipe-dalgerie-lappel-du-pied-de-mahrez-a-aouar-pour-la-selection\/"},"modified":"2020-05-11T15:13:40","modified_gmt":"2020-05-11T19:13:40","slug":"equipe-dalgerie-lappel-du-pied-de-mahrez-a-aouar-pour-la-selection","status":"publish","type":"post","link":"https:\/\/linitiative.ca\/International\/equipe-dalgerie-lappel-du-pied-de-mahrez-a-aouar-pour-la-selection\/","title":{"rendered":"Equipe d&rsquo;Alg\u00e9rie : L&rsquo;appel du pied de Mahrez \u00e0 Aouar pour la s\u00e9lection"},"content":{"rendered":"<div readability=\"32\">\n<p>Auteur : <span class=\"time\">lundi 11 mai 2020 10:13<\/span><\/p>\n<\/div>\n<div id=\"post_core\" readability=\"45\">\n<p>Quand Riyad Mahrez n&rsquo;est pas contre l&rsquo;id\u00e9e de voir Houssem Aouar en tant que Fennec. Lors d&rsquo;un live Instagram ce dimanche soir avec Sma\u00efl Bouabdellah, le joueur de Manchester City s&rsquo;est livr\u00e9 \u00e0 propos du milieu lyonnais : \u00ab\u00a0Si Aouar veut jouer pour la France, ce n&rsquo;est pas un probl\u00e8me. S&rsquo;il veut jouer en Alg\u00e9rie avec nous, il est le bienvenu. C&rsquo;est son choix, c&rsquo;est sa carri\u00e8re\u00a0\u00bb a-t-il indiqu\u00e9. Pour le moment, Houssem Aouar n&rsquo;a pas connu d&rsquo;exp\u00e9rience avec les Bleus, ni avec l&rsquo;Alg\u00e9rie. Le joueur de 21 ans, qui poss\u00e8de la double nationalit\u00e9, n&rsquo;a jou\u00e9 qu&rsquo;avec la France espoirs. Riyad Mahrez s&rsquo;est ensuite confi\u00e9 sur Rayan Cherki. La jeune p\u00e9pite lyonnaise de 16 ans est \u00e9galement originaire d&rsquo;Alg\u00e9rie : \u00ab\u00a0Rayan Cherki je ne l&rsquo;ai pas beaucoup vu jouer. Il est encore trop jeune pour parler de son futur en s\u00e9lection\u00a0\u00bb. Reste \u00e0 voir quelles seront les ambitions d&rsquo;Houssem Aouar et Rayan Cherki pour les s\u00e9lections rapporte OnzeMondial.<\/p>\n<p><strong>Publi\u00e9 dans :<\/strong> <span>Mahrez<\/span> <span>Aouar<\/span><\/p>\n<\/div>\n<p>Auteur:<br \/>\n<a href=\"http:\/\/www.lebuteur.com\/article\/detail?titre=lappel-du-pied-de-mahrez-a-aouar-pour-la-selection&#038;id=95895&#038;utm_source=feedburner&#038;utm_medium=feed&#038;utm_campaign=Feed%3A+GalerieFArtciles+%28Les+derniers+articles++-+lebuteur.com%29\">Cliquez ici pour lire l&rsquo;article depuis sa source.<\/a><\/p>\n","protected":false},"excerpt":{"rendered":"<p>Auteur : lundi 11 mai 2020 10:13 Quand Riyad Mahrez n&rsquo;est pas contre l&rsquo;id\u00e9e de voir Houssem Aouar en tant que Fennec. Lors d&rsquo;un live Instagram ce dimanche soir avec Sma\u00efl Bouabdellah, le joueur de Manchester City s&rsquo;est livr\u00e9 \u00e0 propos du milieu lyonnais : \u00ab\u00a0Si Aouar veut jouer pour la France, ce n&rsquo;est pas [&hellip;]<\/p>\n","protected":false},"author":1738,"featured_media":85088,"comment_status":"closed","ping_status":"closed","sticky":false,"template":"","format":"standard","meta":{"fifu_image_url":"","fifu_image_alt":"","footnotes":""},"categories":[53,75],"tags":[],"class_list":["post-85087","post","type-post","status-publish","format-standard","has-post-thumbnail","hentry","category-algerie","category-sport"],"_links":{"self":[{"href":"https:\/\/linitiative.ca\/International\/wp-json\/wp\/v2\/posts\/85087","targetHints":{"allow":["GET"]}}],"collection":[{"href":"https:\/\/linitiative.ca\/International\/wp-json\/wp\/v2\/posts"}],"about":[{"href":"https:\/\/linitiative.ca\/International\/wp-json\/wp\/v2\/types\/post"}],"author":[{"embeddable":true,"href":"https:\/\/linitiative.ca\/International\/wp-json\/wp\/v2\/users\/1738"}],"replies":[{"embeddable":true,"href":"https:\/\/linitiative.ca\/International\/wp-json\/wp\/v2\/comments?post=85087"}],"version-history":[{"count":0,"href":"https:\/\/linitiative.ca\/International\/wp-json\/wp\/v2\/posts\/85087\/revisions"}],"wp:featuredmedia":[{"embeddable":true,"href":"https:\/\/linitiative.ca\/International\/wp-json\/"}],"wp:attachment":[{"href":"https:\/\/linitiative.ca\/International\/wp-json\/wp\/v2\/media?parent=85087"}],"wp:term":[{"taxonomy":"category","embeddable":true,"href":"https:\/\/linitiative.ca\/International\/wp-json\/wp\/v2\/categories?post=85087"},{"taxonomy":"post_tag","embeddable":true,"href":"https:\/\/linitiative.ca\/International\/wp-json\/wp\/v2\/tags?post=85087"}],"curies":[{"name":"wp","href":"https:\/\/api.w.org\/{rel}","templated":true}]}}