{"id":85097,"date":"2020-05-11T15:18:28","date_gmt":"2020-05-11T19:18:28","guid":{"rendered":"https:\/\/linitiative.ca\/International\/deces-du-journaliste-abdelkader-ghomchi-ammar-belhimer-adresse-ses-condoleances-a-la-famille\/"},"modified":"2020-05-11T15:18:28","modified_gmt":"2020-05-11T19:18:28","slug":"deces-du-journaliste-abdelkader-ghomchi-ammar-belhimer-adresse-ses-condoleances-a-la-famille","status":"publish","type":"post","link":"https:\/\/linitiative.ca\/International\/deces-du-journaliste-abdelkader-ghomchi-ammar-belhimer-adresse-ses-condoleances-a-la-famille\/","title":{"rendered":"D\u00e9c\u00e8s du journaliste Abdelkader Ghomchi  :   Ammar Belhimer adresse  ses condol\u00e9ances \u00e0 la famille"},"content":{"rendered":"<p>Le ministre de la Communication, porte-parole du gouvernement, Ammar Belhimer a adress\u00e9 un message de condol\u00e9ances \u00e0 la famille du journaliste Abdelkader Ghomchi, d\u00e9c\u00e9d\u00e9 dimanche \u00e0 Tighennif (Mascara) \u00e0 l\u2019\u00e2ge de 61 ans, indique un communiqu\u00e9.<br \/>Le d\u00e9funt \u00e9tait correspondant au quotidien El Moudjahid dans la wilaya de Mascara depuis les ann\u00e9es 1980.<br \/>\u00abPrions Dieu Tout-Puissant de lui accorder Sa sainte mis\u00e9ricorde, de l\u2019accueillir en Son vaste paradis et d\u2019assister les siens dans cette \u00e9preuve\u00bb, pr\u00e9cise le communiqu\u00e9.<\/p>\n<p>Auteur: elmoudjahid<br \/>\n<a href=\"http:\/\/www.elmoudjahid.com\/fr\/actualites\/153155\">Cliquez ici pour lire l&rsquo;article depuis sa source.<\/a><\/p>\n","protected":false},"excerpt":{"rendered":"<p>Le ministre de la Communication, porte-parole du gouvernement, Ammar Belhimer a adress\u00e9 un message de condol\u00e9ances \u00e0 la famille du journaliste Abdelkader Ghomchi, d\u00e9c\u00e9d\u00e9 dimanche \u00e0 Tighennif (Mascara) \u00e0 l\u2019\u00e2ge de 61 ans, indique un communiqu\u00e9.Le d\u00e9funt \u00e9tait correspondant au quotidien El Moudjahid dans la wilaya de Mascara depuis les ann\u00e9es 1980.\u00abPrions Dieu Tout-Puissant de [&hellip;]<\/p>\n","protected":false},"author":1744,"featured_media":0,"comment_status":"closed","ping_status":"closed","sticky":false,"template":"","format":"standard","meta":{"fifu_image_url":"","fifu_image_alt":"","footnotes":""},"categories":[73,53],"tags":[],"class_list":["post-85097","post","type-post","status-publish","format-standard","hentry","category-actualite","category-algerie"],"_links":{"self":[{"href":"https:\/\/linitiative.ca\/International\/wp-json\/wp\/v2\/posts\/85097","targetHints":{"allow":["GET"]}}],"collection":[{"href":"https:\/\/linitiative.ca\/International\/wp-json\/wp\/v2\/posts"}],"about":[{"href":"https:\/\/linitiative.ca\/International\/wp-json\/wp\/v2\/types\/post"}],"author":[{"embeddable":true,"href":"https:\/\/linitiative.ca\/International\/wp-json\/wp\/v2\/users\/1744"}],"replies":[{"embeddable":true,"href":"https:\/\/linitiative.ca\/International\/wp-json\/wp\/v2\/comments?post=85097"}],"version-history":[{"count":0,"href":"https:\/\/linitiative.ca\/International\/wp-json\/wp\/v2\/posts\/85097\/revisions"}],"wp:attachment":[{"href":"https:\/\/linitiative.ca\/International\/wp-json\/wp\/v2\/media?parent=85097"}],"wp:term":[{"taxonomy":"category","embeddable":true,"href":"https:\/\/linitiative.ca\/International\/wp-json\/wp\/v2\/categories?post=85097"},{"taxonomy":"post_tag","embeddable":true,"href":"https:\/\/linitiative.ca\/International\/wp-json\/wp\/v2\/tags?post=85097"}],"curies":[{"name":"wp","href":"https:\/\/api.w.org\/{rel}","templated":true}]}}