{"id":85102,"date":"2020-05-11T04:37:09","date_gmt":"2020-05-11T08:37:09","guid":{"rendered":"https:\/\/linitiative.ca\/International\/104910-le-ministere-de-la-jeunesse-et-des-sports-prendra-en-charge-dans-les-plus-brefs-delais-la-preoccupation-de-la-tenniswoman-ines-ibbou\/"},"modified":"2020-05-11T04:37:09","modified_gmt":"2020-05-11T08:37:09","slug":"104910-le-ministere-de-la-jeunesse-et-des-sports-prendra-en-charge-dans-les-plus-brefs-delais-la-preoccupation-de-la-tenniswoman-ines-ibbou","status":"publish","type":"post","link":"https:\/\/linitiative.ca\/International\/104910-le-ministere-de-la-jeunesse-et-des-sports-prendra-en-charge-dans-les-plus-brefs-delais-la-preoccupation-de-la-tenniswoman-ines-ibbou\/","title":{"rendered":"Le minist\u00e8re de la Jeunesse et des Sports prendra en charge la pr\u00e9occupation de Ines Ibbou"},"content":{"rendered":"<p><span class=\"sp-nh-title\">Organisation de la fin de l&rsquo;ann\u00e9e scolaire : Des syndicats saluent les d\u00e9cisions du Conseil des ministres<\/span> &#8211; <span class=\"sp-nh-date\">lundi 11 mai 2020 19:21<\/span><\/p>\n<p><span class=\"sp-nh-title\">R\u00e8glement du conflit au Sahara occidental: l&rsquo;Europe appel\u00e9e \u00e0 ne pas soutenir le Maroc<\/span> &#8211; <span class=\"sp-nh-date\">lundi 11 mai 2020 19:00<\/span><\/p>\n<p><span class=\"sp-nh-title\">Covid-19 : lancement depuis Alger d\u2019une caravane de solidarit\u00e9 vers les zones d\u2019ombre dans 11 wilayas<\/span> &#8211; <span class=\"sp-nh-date\">lundi 11 mai 2020 18:51<\/span><\/p>\n<p><span class=\"sp-nh-title\">Europe\/Covid-19 : une dizaine de pays poursuivent le d\u00e9confinement<\/span> &#8211; <span class=\"sp-nh-date\">lundi 11 mai 2020 18:51<\/span><\/p>\n<p><span class=\"sp-nh-title\">Un concours virtuel de la calligraphie arabe et l&rsquo;enluminure organis\u00e9 du 12 au 27 mai<\/span> &#8211; <span class=\"sp-nh-date\">lundi 11 mai 2020 17:52<\/span><\/p>\n<p><span class=\"sp-nh-title\">GECETAL: 45.000 tonnes de d\u00e9chets m\u00e9nagers r\u00e9ceptionn\u00e9es depuis d\u00e9but Ramadhan \u00e0 Alger<\/span> &#8211; <span class=\"sp-nh-date\">lundi 11 mai 2020 17:19<\/span><\/p>\n<p><span class=\"sp-nh-title\">D\u00e9veloppement humain durable: le CNES signe un protocole d&rsquo;accord avec le PNUD<\/span> &#8211; <span class=\"sp-nh-date\">lundi 11 mai 2020 17:13<\/span><\/p>\n<p><span class=\"sp-nh-title\">Covid-19 : l&rsquo;Alg\u00e9rie entame la production de kits de d\u00e9pistage, une premi\u00e8re dans le Maghreb<\/span> &#8211; <span class=\"sp-nh-date\">lundi 11 mai 2020 17:12<\/span><\/p>\n<p><span class=\"sp-nh-title\">Un \u00e9l\u00e9ment de soutien aux groupes terroristes arr\u00eat\u00e9 \u00e0 S\u00e9tif<\/span> &#8211; <span class=\"sp-nh-date\">lundi 11 mai 2020 17:06<\/span><\/p>\n<p><span class=\"sp-nh-title\">L&rsquo;ann\u00e9e universitaire 2019\/2020 continue sous format num\u00e9rique<\/span> &#8211; <span class=\"sp-nh-date\">lundi 11 mai 2020 17:04<\/span><\/p>\n<p><span class=\"sp-nh-title\">Le Premier ministre salue les qualit\u00e9s du d\u00e9funt Moudjahid Omar Boudaoud<\/span> &#8211; <span class=\"sp-nh-date\">lundi 11 mai 2020 16:42<\/span><\/p>\n<p><span class=\"sp-nh-title\">Coronavirus : 168 nouveaux cas confirm\u00e9s et 5 d\u00e9c\u00e8s en Alg\u00e9rie durant les derni\u00e8res 24h<\/span> &#8211; <span class=\"sp-nh-date\">lundi 11 mai 2020 16:27<\/span><\/p>\n<p><span class=\"sp-nh-title\">Le HCR salue la cr\u00e9ation par l&rsquo;Alg\u00e9rie d&rsquo;un h\u00f4pital dans les camps des r\u00e9fugi\u00e9s sahraouis<\/span> &#8211; <span class=\"sp-nh-date\">lundi 11 mai 2020 16:26<\/span><\/p>\n<p><span class=\"sp-nh-title\">Ligue 1\/USM Bel-Abb\u00e8s : un autre d\u00e9part massif des joueurs se profile \u00e0 l\u2019horizon<\/span> &#8211; <span class=\"sp-nh-date\">lundi 11 mai 2020 15:24<\/span><\/p>\n<p><span class=\"sp-nh-title\">D\u00e9c\u00e8s du moudjahid Omar Boudaoud: Le Pr\u00e9sident Tebboune adresse ses condol\u00e9ances<\/span> &#8211; <span class=\"sp-nh-date\">lundi 11 mai 2020 15:23<\/span><\/p>\n<p><span class=\"sp-nh-title\">Covid-19: Les personnes en d\u00e9tresse psychologique plus vuln\u00e9rables face au confinement<\/span> &#8211; <span class=\"sp-nh-date\">lundi 11 mai 2020 14:51<\/span><\/p>\n<p><span class=\"sp-nh-title\">Oubbi Bouchraya : l&rsquo;objectif sacr\u00e9 du Front Polisario est la lib\u00e9ration du Sahara occidental<\/span> &#8211; <span class=\"sp-nh-date\">lundi 11 mai 2020 14:09<\/span><\/p>\n<p><span class=\"sp-nh-title\">Organisation de la fin d&rsquo;ann\u00e9e scolaire : les moyennes de passage pour les trois cycles d\u00e9voil\u00e9es<\/span> &#8211; <span class=\"sp-nh-date\">lundi 11 mai 2020 13:31<\/span><\/p>\n<p><span class=\"sp-nh-title\">Benbouzid: Pas de d\u00e9confinement sans une am\u00e9lioration durable de la situation sanitaire<\/span> &#8211; <span class=\"sp-nh-date\">lundi 11 mai 2020 13:19<\/span><\/p>\n<p><span class=\"sp-nh-title\">Pr\u00e9cision du Comit\u00e9 d&rsquo;experts au sujet de l&rsquo;article 98 \u00a0<\/span> &#8211; <span class=\"sp-nh-date\">lundi 11 mai 2020 13:13<\/span><\/p>\n<p>Auteur:<br \/>\n<a href=\"http:\/\/www.aps.dz\/sport\/104910-le-ministere-de-la-jeunesse-et-des-sports-prendra-en-charge-dans-les-plus-brefs-delais-la-preoccupation-de-la-tenniswoman-ines-ibbou?utm_source=feedburner&#038;utm_medium=feed&#038;utm_campaign=Feed%3A+aps-sport+%28APS+-+SPORT%29\">Cliquez ici pour lire l&rsquo;article depuis sa source.<\/a><\/p>\n","protected":false},"excerpt":{"rendered":"<p>Organisation de la fin de l&rsquo;ann\u00e9e scolaire : Des syndicats saluent les d\u00e9cisions du Conseil des ministres &#8211; lundi 11 mai 2020 19:21 R\u00e8glement du conflit au Sahara occidental: l&rsquo;Europe appel\u00e9e \u00e0 ne pas soutenir le Maroc &#8211; lundi 11 mai 2020 19:00 Covid-19 : lancement depuis Alger d\u2019une caravane de solidarit\u00e9 vers les zones [&hellip;]<\/p>\n","protected":false},"author":1790,"featured_media":0,"comment_status":"closed","ping_status":"closed","sticky":false,"template":"","format":"standard","meta":{"fifu_image_url":"","fifu_image_alt":"","footnotes":""},"categories":[53,75],"tags":[],"class_list":["post-85102","post","type-post","status-publish","format-standard","hentry","category-algerie","category-sport"],"_links":{"self":[{"href":"https:\/\/linitiative.ca\/International\/wp-json\/wp\/v2\/posts\/85102","targetHints":{"allow":["GET"]}}],"collection":[{"href":"https:\/\/linitiative.ca\/International\/wp-json\/wp\/v2\/posts"}],"about":[{"href":"https:\/\/linitiative.ca\/International\/wp-json\/wp\/v2\/types\/post"}],"author":[{"embeddable":true,"href":"https:\/\/linitiative.ca\/International\/wp-json\/wp\/v2\/users\/1790"}],"replies":[{"embeddable":true,"href":"https:\/\/linitiative.ca\/International\/wp-json\/wp\/v2\/comments?post=85102"}],"version-history":[{"count":0,"href":"https:\/\/linitiative.ca\/International\/wp-json\/wp\/v2\/posts\/85102\/revisions"}],"wp:attachment":[{"href":"https:\/\/linitiative.ca\/International\/wp-json\/wp\/v2\/media?parent=85102"}],"wp:term":[{"taxonomy":"category","embeddable":true,"href":"https:\/\/linitiative.ca\/International\/wp-json\/wp\/v2\/categories?post=85102"},{"taxonomy":"post_tag","embeddable":true,"href":"https:\/\/linitiative.ca\/International\/wp-json\/wp\/v2\/tags?post=85102"}],"curies":[{"name":"wp","href":"https:\/\/api.w.org\/{rel}","templated":true}]}}