{"id":85103,"date":"2020-05-11T07:39:26","date_gmt":"2020-05-11T11:39:26","guid":{"rendered":"https:\/\/linitiative.ca\/International\/104919-tennis-le-ministre-khaldi-confirme-la-volonte-de-l-etat-a-accompagner-ines-ibbou\/"},"modified":"2020-05-11T07:39:26","modified_gmt":"2020-05-11T11:39:26","slug":"104919-tennis-le-ministre-khaldi-confirme-la-volonte-de-l-etat-a-accompagner-ines-ibbou","status":"publish","type":"post","link":"https:\/\/linitiative.ca\/International\/104919-tennis-le-ministre-khaldi-confirme-la-volonte-de-l-etat-a-accompagner-ines-ibbou\/","title":{"rendered":"Tennis : le ministre Khaldi confirme la volont\u00e9 de l&rsquo;Etat \u00e0 accompagner Ines Ibbou"},"content":{"rendered":"<div readability=\"37\">\n<p><strong>ALGER- Le ministre de la Jeunesse et des Sports, Sid Ali Khaldi, a confirm\u00e9 la volont\u00e9 de l&rsquo;Etat \u00e0 accompagner la tenniswoman alg\u00e9rienne, Ines Ibbou, ainsi que tous les sportifs d&rsquo;\u00e9lite.<\/strong><\/p>\n<\/div>\n<div readability=\"84.793067226891\">\n<p>\u00ab\u00a0J&rsquo;ai eu un entretien t\u00e9l\u00e9phonique avec Ines Ibbou pour lui signifier toute la volont\u00e9 de l&rsquo;Etat \u00e0 l&rsquo;accompagner ainsi que tous les sportifs d&rsquo;\u00e9lite et les soutenir en vue de r\u00e9aliser leurs aspirations et ambitions de se mettre en valeur lors des manifestations sportives internationales et<\/p>\n<p>faire honneur \u00e0 l&#8217;embl\u00e8me national\u00a0\u00bb, a indiqu\u00e9 Sid Ali Khaldi, dans la nuit de dimanche \u00e0 lundi, sur sa page facebook.<\/p>\n<p>Cette r\u00e9action du ministre de la Jeunesse et des Sports faisait suite au tweet du pr\u00e9sident de la R\u00e9publique, Abdelmadjid Tebboune, \u00e0 l&rsquo;adresse de la joueuse de tennis alg\u00e9rienne.<\/p>\n<hr\/>\n<p>Lire aussi:\u00a0<a href=\"http:\/\/www.aps.dz\/sport\/104910-le-ministere-de-la-jeunesse-et-des-sports-prendra-en-charge-dans-les-plus-brefs-delais-la-preoccupation-de-la-tenniswoman-ines-ibbou\">Le minist\u00e8re de la Jeunesse et des Sports prendra en charge dans les plus brefs d\u00e9lais la pr\u00e9occupation de la tenniswoman Ines Ibbou<\/a><\/p>\n<hr\/>\n<p>Le pr\u00e9sident de la R\u00e9publique avait apport\u00e9 tout son soutien \u00e0 Ibbou qui a donn\u00e9 une le\u00e7on de morale au tennisman autrichien Dominic Thiem, suite \u00e0 son refus de participer au fonds d&rsquo;accompagnement des joueurs de tennis en difficult\u00e9 financi\u00e8re.<\/p>\n<p><span class=\"c30\">M.Tebboune a \u00e9galement instruit le minist\u00e8re de la Jeunesse et des Sports de prendre en charge \u00ab\u00a0dans les plus brefs d\u00e9lais\u00a0\u00bb les pr\u00e9occupations d&rsquo;Ines Ibbou.<\/span><\/p>\n<blockquote readability=\"9\">\n<p><em><strong>\u00ab\u00a0L&rsquo;Alg\u00e9rie ne peut se permettre de perdre un talent sportif comme Ines Ibbou qui est jeune et qui a toute une carri\u00e8re devant elle dans une sp\u00e9cialit\u00e9 o\u00f9 peu d&rsquo;Alg\u00e9riens excellent. Le minist\u00e8re de la Jeunesse et des Sports prendra en charge ta pr\u00e9occupation dans les plus brefs d\u00e9lais. Tout mon soutien et mes voeux de succ\u00e8s\u00a0\u00bb, a tweet\u00e9 le pr\u00e9sident de la R\u00e9publique.<\/strong><\/em><\/p>\n<\/blockquote>\n<p>Dans une vid\u00e9o de dix minutes post\u00e9e samedi soir, la joueuse alg\u00e9rienne, championne d&rsquo;Afrique juniors en 2015, r\u00e9pondait dans un parfait anglais \u00e0 l&rsquo;Autrichien Dominic Thiem qui ne souhaitait pas participer au fonds de solidarit\u00e9 pour les joueurs mal class\u00e9s. Ibbou racontait aussi son parcours sem\u00e9 d&#8217;emb\u00fbches.<\/p>\n<p>Il y a deux semaines, l&rsquo;Autrichien, N.3 mondial et r\u00e9cent finaliste de l&rsquo;Open d&rsquo;Australie, avait expliqu\u00e9 ne pas vouloir contribuer au fonds de solidarit\u00e9 pour les joueurs mal class\u00e9s, propos\u00e9 par le N.1 mondial, le\u00a0Serbe Novak Djokovic puis finalement mis en place par les instances du tennis professionnel (plus de 6 millions de dollars rassembl\u00e9s par l&rsquo;ATP, la WTA, l&rsquo;ITF et les quatre Grands Chelems).\u00a0\u00a0\u00a0\u00a0\u00a0\u00a0\u00a0\u00a0<\/p>\n<p>\u00ab\u00a0Beaucoup de joueurs ne placent pas le sport au-dessus de tout et ne vivent pas de mani\u00e8re professionnelle. Je ne vois pas vraiment pourquoi je devrais donner de l&rsquo;argent \u00e0 de tels joueurs. Je pr\u00e9f\u00e8re donner de l&rsquo;argent aux personnes ou aux organisations qui en ont vraiment besoin\u00a0\u00bb, expliquait\u00a0Thiem dans une interview au journal autrichien Kronen Zeitung.<\/p>\n<p>Pour rappel, Ines Ibbou avait \u00e9t\u00e9 sacr\u00e9e meilleure athl\u00e8te espoir f\u00e9minine-2013 en Alg\u00e9rie \u00e0 l&rsquo;issue du traditionnel sondage organis\u00e9 annuellement par l&rsquo;agence Alg\u00e9rie-Presse-Service.<\/p>\n<\/div>\n<p>Auteur:<br \/>\n<a href=\"http:\/\/www.aps.dz\/sport\/104919-tennis-le-ministre-khaldi-confirme-la-volonte-de-l-etat-a-accompagner-ines-ibbou?utm_source=feedburner&#038;utm_medium=feed&#038;utm_campaign=Feed%3A+aps-sport+%28APS+-+SPORT%29\">Cliquez ici pour lire l&rsquo;article depuis sa source.<\/a><\/p>\n","protected":false},"excerpt":{"rendered":"<p>ALGER- Le ministre de la Jeunesse et des Sports, Sid Ali Khaldi, a confirm\u00e9 la volont\u00e9 de l&rsquo;Etat \u00e0 accompagner la tenniswoman alg\u00e9rienne, Ines Ibbou, ainsi que tous les sportifs d&rsquo;\u00e9lite. \u00ab\u00a0J&rsquo;ai eu un entretien t\u00e9l\u00e9phonique avec Ines Ibbou pour lui signifier toute la volont\u00e9 de l&rsquo;Etat \u00e0 l&rsquo;accompagner ainsi que tous les sportifs d&rsquo;\u00e9lite [&hellip;]<\/p>\n","protected":false},"author":1790,"featured_media":0,"comment_status":"closed","ping_status":"closed","sticky":false,"template":"","format":"standard","meta":{"fifu_image_url":"","fifu_image_alt":"","footnotes":""},"categories":[53,75],"tags":[],"class_list":["post-85103","post","type-post","status-publish","format-standard","hentry","category-algerie","category-sport"],"_links":{"self":[{"href":"https:\/\/linitiative.ca\/International\/wp-json\/wp\/v2\/posts\/85103","targetHints":{"allow":["GET"]}}],"collection":[{"href":"https:\/\/linitiative.ca\/International\/wp-json\/wp\/v2\/posts"}],"about":[{"href":"https:\/\/linitiative.ca\/International\/wp-json\/wp\/v2\/types\/post"}],"author":[{"embeddable":true,"href":"https:\/\/linitiative.ca\/International\/wp-json\/wp\/v2\/users\/1790"}],"replies":[{"embeddable":true,"href":"https:\/\/linitiative.ca\/International\/wp-json\/wp\/v2\/comments?post=85103"}],"version-history":[{"count":0,"href":"https:\/\/linitiative.ca\/International\/wp-json\/wp\/v2\/posts\/85103\/revisions"}],"wp:attachment":[{"href":"https:\/\/linitiative.ca\/International\/wp-json\/wp\/v2\/media?parent=85103"}],"wp:term":[{"taxonomy":"category","embeddable":true,"href":"https:\/\/linitiative.ca\/International\/wp-json\/wp\/v2\/categories?post=85103"},{"taxonomy":"post_tag","embeddable":true,"href":"https:\/\/linitiative.ca\/International\/wp-json\/wp\/v2\/tags?post=85103"}],"curies":[{"name":"wp","href":"https:\/\/api.w.org\/{rel}","templated":true}]}}