{"id":85104,"date":"2020-05-11T10:24:02","date_gmt":"2020-05-11T14:24:02","guid":{"rendered":"https:\/\/linitiative.ca\/International\/104930-ligue-1-usm-bel-abbes-un-autre-depart-massif-des-joueurs-se-profile-a-l-horizon\/"},"modified":"2020-05-11T10:24:02","modified_gmt":"2020-05-11T14:24:02","slug":"104930-ligue-1-usm-bel-abbes-un-autre-depart-massif-des-joueurs-se-profile-a-l-horizon","status":"publish","type":"post","link":"https:\/\/linitiative.ca\/International\/104930-ligue-1-usm-bel-abbes-un-autre-depart-massif-des-joueurs-se-profile-a-l-horizon\/","title":{"rendered":"Ligue 1\/USM Bel-Abb\u00e8s : un autre d\u00e9part massif des joueurs se profile \u00e0 l\u2019horizon"},"content":{"rendered":"<div readability=\"36\">\n<p><strong>ORAN- L&rsquo;USM Bel-Abb\u00e8s devrait se pr\u00e9parer \u00e0 un autre d\u00e9part massif de ses joueurs \u00e0 l\u2019issue de l\u2019exercice en cours, exactement comme ce fut le cas lors de la saison derni\u00e8re en raison de l\u2019incapacit\u00e9 de la direction de ce club de Ligue 1 de football d\u2019honorer ses engagements envers ses prot\u00e9g\u00e9s.<\/strong><\/p>\n<\/div>\n<div readability=\"79.5\">\n<p>Plusieurs \u00e9l\u00e9ments de la formation de la \u00ab\u00a0Mekerra\u00a0\u00bb, qui esp\u00e9raient \u00eatre r\u00e9gularis\u00e9s apr\u00e8s plusieurs mois d\u2019attente, comptent saisir la Chambre nationale de r\u00e9solution des litiges (CNRL) pour obtenir leur lib\u00e9ration automatique, a-t-on appris dans l\u2019entourage de ce club de l\u2019Ouest du pays.<\/p>\n<blockquote readability=\"12\">\n<p><strong><em>Le m\u00eame sc\u00e9nario s\u2019\u00e9tait produit la saison pass\u00e9e, et m\u00eame celle d\u2019avant, et ce, pour les m\u00eames raisons, vu que l\u2019USMBA se d\u00e9bat dans d\u2019interminables probl\u00e8mes financiers qui se sont amplifi\u00e9s au cours des trois derni\u00e8res ann\u00e9es, rappelle-t-on.<\/em><\/strong><\/p>\n<\/blockquote>\n<p>Cette situation est conjugu\u00e9e \u00e0 une instabilit\u00e9 chronique au niveau de la barre technique qui, rien que pour cette saison, a connu le d\u00e9fil\u00e9 de pas moins de trois entra\u00eeneurs, en attendant d\u2019en recruter un quatri\u00e8me pour succ\u00e9der \u00e0 Abdelkader Ya\u00efche qui a jet\u00e9 l\u2019\u00e9ponge peu avant l\u2019arr\u00eat de la comp\u00e9tition.<\/p>\n<p>Malgr\u00e9 cela, le club a r\u00e9ussi quand m\u00eame \u00e0 s\u2019offrir une deuxi\u00e8me coupe d\u2019Alg\u00e9rie lors de l\u2019exercice 2017-2018, et \u00e9viter la rel\u00e9gation, de justesse soit-il, la saison pass\u00e9e. Pour l\u2019actuel championnat, gel\u00e9 depuis deux mois pour contrer la pand\u00e9mie de coronavirus, l\u2019\u00e9quipe est revenue en force apr\u00e8s un d\u00e9but catastrophique et a termin\u00e9 \u00e0 la troisi\u00e8me place la phase aller.<\/p>\n<blockquote readability=\"13\">\n<p><em><strong>Mais apr\u00e8s sept journ\u00e9es de la phase retour, les \u00ab\u00a0Vert et Rouge\u00a0\u00bb sont revenus \u00e0 la case d\u00e9part, ou presque, puisqu\u2019ils occupent actuellement la 12e place avec un match en moins. Ils sont n\u00e9anmoins toujours en course en coupe d\u2019Alg\u00e9rie o\u00f9 ils ont d\u00e9j\u00e0 mis un pied en demi-finales gr\u00e2ce \u00e0 leur victoire \u00e0 domicile contre l\u2019Amel Bousa\u00e2da (3-0), en quarts de finale aller, avant que cette \u00e9preuve ne soit \u00e0 son tour gel\u00e9e.<\/strong><\/em><\/p>\n<\/blockquote>\n<p>Du c\u00f4t\u00e9 de la direction du club, on assure avoir enclench\u00e9 une course contre la montre pour tenter de collecter l\u2019argent n\u00e9cessaire afin de r\u00e9gulariser, ne serait-ce que partiellement, ses joueurs et calmer par la m\u00eame occasion leurs ardeurs.<\/p>\n<p>Une mission qui s\u2019annonce tr\u00e8s d\u00e9licate au vu de la crise sanitaire secouant le pays et ses retomb\u00e9es sur la vie \u00e9conomique, enfon\u00e7ant davantage l\u2019USMBA et beaucoup d\u2019autres clubs qui \u00e9taient d\u00e9j\u00e0 au bord de la faillite, estiment les observateurs.<\/p>\n<\/div>\n<p>Auteur:<br \/>\n<a href=\"http:\/\/www.aps.dz\/sport\/104930-ligue-1-usm-bel-abbes-un-autre-depart-massif-des-joueurs-se-profile-a-l-horizon?utm_source=feedburner&#038;utm_medium=feed&#038;utm_campaign=Feed%3A+aps-sport+%28APS+-+SPORT%29\">Cliquez ici pour lire l&rsquo;article depuis sa source.<\/a><\/p>\n","protected":false},"excerpt":{"rendered":"<p>ORAN- L&rsquo;USM Bel-Abb\u00e8s devrait se pr\u00e9parer \u00e0 un autre d\u00e9part massif de ses joueurs \u00e0 l\u2019issue de l\u2019exercice en cours, exactement comme ce fut le cas lors de la saison derni\u00e8re en raison de l\u2019incapacit\u00e9 de la direction de ce club de Ligue 1 de football d\u2019honorer ses engagements envers ses prot\u00e9g\u00e9s. Plusieurs \u00e9l\u00e9ments de [&hellip;]<\/p>\n","protected":false},"author":1790,"featured_media":0,"comment_status":"closed","ping_status":"closed","sticky":false,"template":"","format":"standard","meta":{"fifu_image_url":"","fifu_image_alt":"","footnotes":""},"categories":[53,75],"tags":[],"class_list":["post-85104","post","type-post","status-publish","format-standard","hentry","category-algerie","category-sport"],"_links":{"self":[{"href":"https:\/\/linitiative.ca\/International\/wp-json\/wp\/v2\/posts\/85104","targetHints":{"allow":["GET"]}}],"collection":[{"href":"https:\/\/linitiative.ca\/International\/wp-json\/wp\/v2\/posts"}],"about":[{"href":"https:\/\/linitiative.ca\/International\/wp-json\/wp\/v2\/types\/post"}],"author":[{"embeddable":true,"href":"https:\/\/linitiative.ca\/International\/wp-json\/wp\/v2\/users\/1790"}],"replies":[{"embeddable":true,"href":"https:\/\/linitiative.ca\/International\/wp-json\/wp\/v2\/comments?post=85104"}],"version-history":[{"count":0,"href":"https:\/\/linitiative.ca\/International\/wp-json\/wp\/v2\/posts\/85104\/revisions"}],"wp:attachment":[{"href":"https:\/\/linitiative.ca\/International\/wp-json\/wp\/v2\/media?parent=85104"}],"wp:term":[{"taxonomy":"category","embeddable":true,"href":"https:\/\/linitiative.ca\/International\/wp-json\/wp\/v2\/categories?post=85104"},{"taxonomy":"post_tag","embeddable":true,"href":"https:\/\/linitiative.ca\/International\/wp-json\/wp\/v2\/tags?post=85104"}],"curies":[{"name":"wp","href":"https:\/\/api.w.org\/{rel}","templated":true}]}}