{"id":85106,"date":"2020-05-11T15:13:00","date_gmt":"2020-05-11T19:13:00","guid":{"rendered":"https:\/\/linitiative.ca\/International\/le-proces-dali-haddad-mourad-eulmi-et-mahieddine-tahkout-reporte\/"},"modified":"2020-05-11T15:13:00","modified_gmt":"2020-05-11T19:13:00","slug":"le-proces-dali-haddad-mourad-eulmi-et-mahieddine-tahkout-reporte","status":"publish","type":"post","link":"https:\/\/linitiative.ca\/International\/le-proces-dali-haddad-mourad-eulmi-et-mahieddine-tahkout-reporte\/","title":{"rendered":"Le proc\u00e8s d\u2019Ali Haddad, Mourad Eulmi et Mahieddine Tahkout report\u00e9"},"content":{"rendered":"<p><br id=\"sep_para_1\" class=\"sep_para access\"\/><\/p>\n<div id=\"para_1\" class=\"para_36913226 resize\">\n<div class=\"texte access firstletter\">Le proc\u00e8s des hommes d\u2019affaires Ali Haddad, Mourad Eulmi et Mahieddine Tahkout est report\u00e9 lundi par le tribunal de Sidi M\u2019Hamed, au 15 juin prochain, selon un communiqu\u00e9 rendu public. C\u2019est la deuxi\u00e8me fois que le proc\u00e8s est renvoy\u00e9, \u00e0 la demande des juges, en raison des mesures prises dans le cadre\u00a0 du dispositif de pr\u00e9vention contre le Coronavirus. Pour rappel, les trois hommes d\u2019affaire doivent r\u00e9pondre d\u2019accusations de corruption, de privil\u00e8ges fonciers et douaniers, dans le cadre du dossier de montage automobile. Dans ce dossier embl\u00e9matique de la grande corruption, qui a marqu\u00e9 le dernier mandat de l&rsquo;ancien pr\u00e9sident, sont impliqu\u00e9s Ahmed Ouyahia, Boudjema\u00e2 Talai, Mahdjoub Bedda, Youcef Yousfi, Abdelkader Kadi, Abdeslam Bouchouareb et Abdelkader Zoukh.<\/div>\n<\/div>\n<p>Auteur: R\u00e9flexion<br \/>\n<a href=\"https:\/\/www.reflexiondz.net\/Le-proces-d-Ali-Haddad-Mourad-Eulmi-et-Mahieddine-Tahkout-reporte_a62650.html\">Cliquez ici pour lire l&rsquo;article depuis sa source.<\/a><\/p>\n","protected":false},"excerpt":{"rendered":"<p>Le proc\u00e8s des hommes d\u2019affaires Ali Haddad, Mourad Eulmi et Mahieddine Tahkout est report\u00e9 lundi par le tribunal de Sidi M\u2019Hamed, au 15 juin prochain, selon un communiqu\u00e9 rendu public. C\u2019est la deuxi\u00e8me fois que le proc\u00e8s est renvoy\u00e9, \u00e0 la demande des juges, en raison des mesures prises dans le cadre\u00a0 du dispositif de [&hellip;]<\/p>\n","protected":false},"author":1740,"featured_media":0,"comment_status":"closed","ping_status":"closed","sticky":false,"template":"","format":"standard","meta":{"fifu_image_url":"","fifu_image_alt":"","footnotes":""},"categories":[53,76],"tags":[],"class_list":["post-85106","post","type-post","status-publish","format-standard","hentry","category-algerie","category-regions"],"_links":{"self":[{"href":"https:\/\/linitiative.ca\/International\/wp-json\/wp\/v2\/posts\/85106","targetHints":{"allow":["GET"]}}],"collection":[{"href":"https:\/\/linitiative.ca\/International\/wp-json\/wp\/v2\/posts"}],"about":[{"href":"https:\/\/linitiative.ca\/International\/wp-json\/wp\/v2\/types\/post"}],"author":[{"embeddable":true,"href":"https:\/\/linitiative.ca\/International\/wp-json\/wp\/v2\/users\/1740"}],"replies":[{"embeddable":true,"href":"https:\/\/linitiative.ca\/International\/wp-json\/wp\/v2\/comments?post=85106"}],"version-history":[{"count":0,"href":"https:\/\/linitiative.ca\/International\/wp-json\/wp\/v2\/posts\/85106\/revisions"}],"wp:attachment":[{"href":"https:\/\/linitiative.ca\/International\/wp-json\/wp\/v2\/media?parent=85106"}],"wp:term":[{"taxonomy":"category","embeddable":true,"href":"https:\/\/linitiative.ca\/International\/wp-json\/wp\/v2\/categories?post=85106"},{"taxonomy":"post_tag","embeddable":true,"href":"https:\/\/linitiative.ca\/International\/wp-json\/wp\/v2\/tags?post=85106"}],"curies":[{"name":"wp","href":"https:\/\/api.w.org\/{rel}","templated":true}]}}