{"id":85108,"date":"2020-05-11T15:13:00","date_gmt":"2020-05-11T19:13:00","guid":{"rendered":"https:\/\/linitiative.ca\/International\/industrie-militaire-production-denviron-30-000-masques-de-protection-medicale-jour\/"},"modified":"2020-05-11T15:13:00","modified_gmt":"2020-05-11T19:13:00","slug":"industrie-militaire-production-denviron-30-000-masques-de-protection-medicale-jour","status":"publish","type":"post","link":"https:\/\/linitiative.ca\/International\/industrie-militaire-production-denviron-30-000-masques-de-protection-medicale-jour\/","title":{"rendered":"INDUSTRIE MILITAIRE : Production d\u2019environ 30 000 masques de protection m\u00e9dicale\/jour"},"content":{"rendered":"<p><br id=\"sep_para_1\" class=\"sep_para access\"\/><\/p>\n<div id=\"para_1\" class=\"para_36913218 resize\">\n<div class=\"texte access firstletter\">Le directeur des fabrications militaires, le g\u00e9n\u00e9ral-major Rachid Chouaki, a fait savoir que sa direction a mobilis\u00e9 une partie de son potentiel industriel, notamment de recherche et d\u00e9veloppement afin de participer au soutien de l\u2019ANP, et notamment aux services de sant\u00e9 dans la lutte contre le coronavirus. Dans un entretien accord\u00e9 \u00e0 la revue \u00abEl Djeich\u00bb, M. Chouaki a r\u00e9v\u00e9l\u00e9 que l\u2019industrie militaire produit actuellement environ 30.000 masques de protection m\u00e9dicale par jour, pour les besoins de la Direction des services de sant\u00e9 militaire, nous assurons ainsi le soutien de trois R\u00e9gions militaires, \u00e0 savoir la premi\u00e8re, la deuxi\u00e8me et la cinqui\u00e8me. La fabrication des masques s\u2019effectue au niveau de trois unit\u00e9s, r\u00e9parties \u00e0 travers les productions R\u00e9gions pr\u00e9cit\u00e9es, au niveau de cha\u00eenes de production, dans des salles blanches utilis\u00e9es dans les domaines sensibles aux contaminations environnementales\u00bb. \u00ab Ces masques sont fabriqu\u00e9s \u00e0 partir de tissu homologu\u00e9 et contiennent trois couches non tiss\u00e9es, dont un filtre au milieu. Une fois finis, ils sont test\u00e9s au niveau des laboratoires de l\u2019EHC pour contr\u00f4ler leur imperm\u00e9abilit\u00e9 et st\u00e9rilisation\u2026 \u00bb, a-t-il expliqu\u00e9, pr\u00e9cisant que \u00ab ces masques, lavables jusqu\u2019\u00e0 neuf fois, sont utilis\u00e9s actuellement au niveau de trois h\u00f4pitaux militaires \u00e0 savoir: l\u2019H\u00f4pital central de l\u2019arm\u00e9e ainsi que les deux h\u00f4pitaux r\u00e9gionaux des deuxi\u00e8me et cinqui\u00e8me R\u00e9gions militaires, \u00e0 l\u2019exception des blocs chirurgicaux \u00bb.<\/div>\n<\/div>\n<p>Auteur: Ismain<br \/>\n<a href=\"https:\/\/www.reflexiondz.net\/INDUSTRIE-MILITAIRE-Production-d-environ-30-000-masques-de-protection-medicale-jour_a62648.html\">Cliquez ici pour lire l&rsquo;article depuis sa source.<\/a><\/p>\n","protected":false},"excerpt":{"rendered":"<p>Le directeur des fabrications militaires, le g\u00e9n\u00e9ral-major Rachid Chouaki, a fait savoir que sa direction a mobilis\u00e9 une partie de son potentiel industriel, notamment de recherche et d\u00e9veloppement afin de participer au soutien de l\u2019ANP, et notamment aux services de sant\u00e9 dans la lutte contre le coronavirus. Dans un entretien accord\u00e9 \u00e0 la revue \u00abEl [&hellip;]<\/p>\n","protected":false},"author":1740,"featured_media":0,"comment_status":"closed","ping_status":"closed","sticky":false,"template":"","format":"standard","meta":{"fifu_image_url":"","fifu_image_alt":"","footnotes":""},"categories":[53,76],"tags":[],"class_list":["post-85108","post","type-post","status-publish","format-standard","hentry","category-algerie","category-regions"],"_links":{"self":[{"href":"https:\/\/linitiative.ca\/International\/wp-json\/wp\/v2\/posts\/85108","targetHints":{"allow":["GET"]}}],"collection":[{"href":"https:\/\/linitiative.ca\/International\/wp-json\/wp\/v2\/posts"}],"about":[{"href":"https:\/\/linitiative.ca\/International\/wp-json\/wp\/v2\/types\/post"}],"author":[{"embeddable":true,"href":"https:\/\/linitiative.ca\/International\/wp-json\/wp\/v2\/users\/1740"}],"replies":[{"embeddable":true,"href":"https:\/\/linitiative.ca\/International\/wp-json\/wp\/v2\/comments?post=85108"}],"version-history":[{"count":0,"href":"https:\/\/linitiative.ca\/International\/wp-json\/wp\/v2\/posts\/85108\/revisions"}],"wp:attachment":[{"href":"https:\/\/linitiative.ca\/International\/wp-json\/wp\/v2\/media?parent=85108"}],"wp:term":[{"taxonomy":"category","embeddable":true,"href":"https:\/\/linitiative.ca\/International\/wp-json\/wp\/v2\/categories?post=85108"},{"taxonomy":"post_tag","embeddable":true,"href":"https:\/\/linitiative.ca\/International\/wp-json\/wp\/v2\/tags?post=85108"}],"curies":[{"name":"wp","href":"https:\/\/api.w.org\/{rel}","templated":true}]}}