{"id":85109,"date":"2020-05-11T15:13:00","date_gmt":"2020-05-11T19:13:00","guid":{"rendered":"https:\/\/linitiative.ca\/International\/alger-restauration-prochaine-de-limmeuble-partiellement-effondre-a-hussein-dey\/"},"modified":"2020-05-11T15:13:00","modified_gmt":"2020-05-11T19:13:00","slug":"alger-restauration-prochaine-de-limmeuble-partiellement-effondre-a-hussein-dey","status":"publish","type":"post","link":"https:\/\/linitiative.ca\/International\/alger-restauration-prochaine-de-limmeuble-partiellement-effondre-a-hussein-dey\/","title":{"rendered":"ALGER : Restauration prochaine de l&rsquo;immeuble partiellement effondr\u00e9 \u00e0 Hussein Dey"},"content":{"rendered":"<p><br id=\"sep_para_1\" class=\"sep_para access\"\/><\/p>\n<div id=\"para_1\" class=\"para_36913214 resize\">\n<div class=\"texte access firstletter\">Les services de la commune d&rsquo;Hussein Dey \u00e9mettront un avis de danger imminent aux habitants de l&rsquo;immeuble 64 sis \u00e0 Tripoli, dont les deux \u00e9tages sup\u00e9rieurs se sont partiellement effondr\u00e9s, les appelant \u00e0 \u00e9vacuer les lieux pour permettre aux services comp\u00e9tents de la wilaya d&rsquo;Alger d&rsquo;entamer imm\u00e9diatement les travaux de restauration, a indiqu\u00e9 le pr\u00e9sident de l&rsquo;Assembl\u00e9e populaire communale (P\/APC), Abdelkader Benra\u00efda. Suite \u00e0 la derni\u00e8re rencontre r\u00e9unissant le P\/APC avec le wali d\u00e9l\u00e9gu\u00e9 de la circonscription administrative d&rsquo;Hussein Dey, des repr\u00e9sentants de la wilaya, des techniciens de l&rsquo;instance de contr\u00f4le des constructions et des repr\u00e9sentants des habitants de l&rsquo;immeuble expos\u00e9 mercredi dernier \u00e0 l&rsquo;effondrement partiel, il a \u00e9t\u00e9 d\u00e9cid\u00e9 d'\u00a0\u00bb\u00e9mettre un avis de danger imminent obligeant l&rsquo;\u00e9vacuation des lieux dans les plus brefs d\u00e9lais afin de permettre aux services comp\u00e9tents de la wilaya d&rsquo;entamer la reconstruction\u00a0\u00bb, a pr\u00e9cis\u00e9 M. Benra\u00efda \u00e0 l&rsquo;APS. Le b\u00e2timent comporte, selon le m\u00eame responsable, \u00ab\u00a013 r\u00e9sidents dans des logements \u00e0 usage d&rsquo;habitation, commercial ou proposant des prestations de services\u00a0\u00bb, tous devant respecter cette d\u00e9cision pour sauver leur vie et \u00e9viter tout \u00e9ventuel risque. De surcro\u00eet, une \u00e9tude a \u00e9t\u00e9 men\u00e9e sur la possibilit\u00e9 de prendre en charge certains r\u00e9sidents (quelque 4 familles) en les h\u00e9bergeant momentan\u00e9ment jusqu&rsquo;\u00e0 la fin des travaux de r\u00e9am\u00e9nagement\u00a0\u00bb.\u00a0<\/div>\n<\/div>\n<p>Auteur: Ismain<br \/>\n<a href=\"https:\/\/www.reflexiondz.net\/ALGER-Restauration-prochaine-de-l-immeuble-partiellement-effondre-a-Hussein-Dey_a62647.html\">Cliquez ici pour lire l&rsquo;article depuis sa source.<\/a><\/p>\n","protected":false},"excerpt":{"rendered":"<p>Les services de la commune d&rsquo;Hussein Dey \u00e9mettront un avis de danger imminent aux habitants de l&rsquo;immeuble 64 sis \u00e0 Tripoli, dont les deux \u00e9tages sup\u00e9rieurs se sont partiellement effondr\u00e9s, les appelant \u00e0 \u00e9vacuer les lieux pour permettre aux services comp\u00e9tents de la wilaya d&rsquo;Alger d&rsquo;entamer imm\u00e9diatement les travaux de restauration, a indiqu\u00e9 le pr\u00e9sident [&hellip;]<\/p>\n","protected":false},"author":1740,"featured_media":0,"comment_status":"closed","ping_status":"closed","sticky":false,"template":"","format":"standard","meta":{"fifu_image_url":"","fifu_image_alt":"","footnotes":""},"categories":[53,76],"tags":[],"class_list":["post-85109","post","type-post","status-publish","format-standard","hentry","category-algerie","category-regions"],"_links":{"self":[{"href":"https:\/\/linitiative.ca\/International\/wp-json\/wp\/v2\/posts\/85109","targetHints":{"allow":["GET"]}}],"collection":[{"href":"https:\/\/linitiative.ca\/International\/wp-json\/wp\/v2\/posts"}],"about":[{"href":"https:\/\/linitiative.ca\/International\/wp-json\/wp\/v2\/types\/post"}],"author":[{"embeddable":true,"href":"https:\/\/linitiative.ca\/International\/wp-json\/wp\/v2\/users\/1740"}],"replies":[{"embeddable":true,"href":"https:\/\/linitiative.ca\/International\/wp-json\/wp\/v2\/comments?post=85109"}],"version-history":[{"count":0,"href":"https:\/\/linitiative.ca\/International\/wp-json\/wp\/v2\/posts\/85109\/revisions"}],"wp:attachment":[{"href":"https:\/\/linitiative.ca\/International\/wp-json\/wp\/v2\/media?parent=85109"}],"wp:term":[{"taxonomy":"category","embeddable":true,"href":"https:\/\/linitiative.ca\/International\/wp-json\/wp\/v2\/categories?post=85109"},{"taxonomy":"post_tag","embeddable":true,"href":"https:\/\/linitiative.ca\/International\/wp-json\/wp\/v2\/tags?post=85109"}],"curies":[{"name":"wp","href":"https:\/\/api.w.org\/{rel}","templated":true}]}}