{"id":85117,"date":"2020-05-11T11:56:00","date_gmt":"2020-05-11T15:56:00","guid":{"rendered":"https:\/\/linitiative.ca\/International\/mouna-ketata\/"},"modified":"2020-05-11T11:56:00","modified_gmt":"2020-05-11T15:56:00","slug":"mouna-ketata","status":"publish","type":"post","link":"https:\/\/linitiative.ca\/International\/mouna-ketata\/","title":{"rendered":"Mouna Ketata"},"content":{"rendered":"<p>Docteur en droit, th\u00e8se portant sur la propri\u00e9t\u00e9 intellectuelle et l\u2019int\u00e9r\u00eat g\u00e9n\u00e9ral sous la direction du Professeur SAMI JERBI et soutenue publique le 19 janvier 2019<\/p>\n<p>Assistante \u00e0 la facult\u00e9 de droit de Sfax.<\/p>\n<p>Auteur d\u2019articles et chroniques publi\u00e9s relatifs au droit de propri\u00e9t\u00e9 intellectuelle, brevets pharmaceutiques, droit des marques et\u00a0 a particip\u00e9 r\u00e9guli\u00e8rement \u00e0 des conf\u00e9rences et\u00a0 \u00e0 des journ\u00e9es de formations et \u00e0 des s\u00e9minaires en droit de la sant\u00e9.<\/p>\n<p>Champ d\u2019\u00e9tudes : droit de la propri\u00e9t\u00e9 intellectuelle, droit de propri\u00e9t\u00e9 industrielle appliqu\u00e9e aux produits de sant\u00e9, responsabilit\u00e9 du fait des produits de sant\u00e9, droit pharmaceutique.<\/p>\n<p>Auteur:<br \/>\n<a href=\"https:\/\/www.leaders.com.tn\/article\/29901-mouna-ketata\">Cliquez ici pour lire l&rsquo;article depuis sa source.<\/a><\/p>\n","protected":false},"excerpt":{"rendered":"<p>Docteur en droit, th\u00e8se portant sur la propri\u00e9t\u00e9 intellectuelle et l\u2019int\u00e9r\u00eat g\u00e9n\u00e9ral sous la direction du Professeur SAMI JERBI et soutenue publique le 19 janvier 2019 Assistante \u00e0 la facult\u00e9 de droit de Sfax. Auteur d\u2019articles et chroniques publi\u00e9s relatifs au droit de propri\u00e9t\u00e9 intellectuelle, brevets pharmaceutiques, droit des marques et\u00a0 a particip\u00e9 r\u00e9guli\u00e8rement \u00e0 [&hellip;]<\/p>\n","protected":false},"author":1772,"featured_media":0,"comment_status":"closed","ping_status":"closed","sticky":false,"template":"","format":"standard","meta":{"fifu_image_url":"","fifu_image_alt":"","footnotes":""},"categories":[73,55],"tags":[],"class_list":["post-85117","post","type-post","status-publish","format-standard","hentry","category-actualite","category-tunisie"],"_links":{"self":[{"href":"https:\/\/linitiative.ca\/International\/wp-json\/wp\/v2\/posts\/85117","targetHints":{"allow":["GET"]}}],"collection":[{"href":"https:\/\/linitiative.ca\/International\/wp-json\/wp\/v2\/posts"}],"about":[{"href":"https:\/\/linitiative.ca\/International\/wp-json\/wp\/v2\/types\/post"}],"author":[{"embeddable":true,"href":"https:\/\/linitiative.ca\/International\/wp-json\/wp\/v2\/users\/1772"}],"replies":[{"embeddable":true,"href":"https:\/\/linitiative.ca\/International\/wp-json\/wp\/v2\/comments?post=85117"}],"version-history":[{"count":0,"href":"https:\/\/linitiative.ca\/International\/wp-json\/wp\/v2\/posts\/85117\/revisions"}],"wp:attachment":[{"href":"https:\/\/linitiative.ca\/International\/wp-json\/wp\/v2\/media?parent=85117"}],"wp:term":[{"taxonomy":"category","embeddable":true,"href":"https:\/\/linitiative.ca\/International\/wp-json\/wp\/v2\/categories?post=85117"},{"taxonomy":"post_tag","embeddable":true,"href":"https:\/\/linitiative.ca\/International\/wp-json\/wp\/v2\/tags?post=85117"}],"curies":[{"name":"wp","href":"https:\/\/api.w.org\/{rel}","templated":true}]}}