{"id":85120,"date":"2020-05-11T13:00:00","date_gmt":"2020-05-11T17:00:00","guid":{"rendered":"https:\/\/linitiative.ca\/International\/lengagement-du-pnud-en-tunisie-au-temps-du-covid-19-steve-utterwulghe-repond-aux-questions-de-khadija-moalla\/"},"modified":"2020-05-11T13:00:00","modified_gmt":"2020-05-11T17:00:00","slug":"lengagement-du-pnud-en-tunisie-au-temps-du-covid-19-steve-utterwulghe-repond-aux-questions-de-khadija-moalla","status":"publish","type":"post","link":"https:\/\/linitiative.ca\/International\/lengagement-du-pnud-en-tunisie-au-temps-du-covid-19-steve-utterwulghe-repond-aux-questions-de-khadija-moalla\/","title":{"rendered":"L\u2019engagement du PNUD en Tunisie au temps du Covid-19 : Steve Utterwulghe r\u00e9pond aux questions de Khadija Moalla"},"content":{"rendered":"<p><span class=\"c2\"><em><strong>Par Khadija Moalla &#8211;<\/strong><\/em><\/span> En ces temps incertains de la pand\u00e9mie du Covid-19, et en tant qu\u2019experte internationale, j\u2019ai voulu avoir une conversation avec le repr\u00e9sentant r\u00e9sident du Programme des Nations Unies pour le D\u00e9veloppement (PNUD) en Tunisie, Steve Utterwulghe, afin de mieux comprendre l\u2019engagement de cette organisation onusienne, dans le cadre de la pand\u00e9mie, mais aussi l\u2019impact probable, sur la situation \u00e9conomique et sociale de notre pays. J\u2019ai pens\u00e9 qu\u2019il serait int\u00e9ressant de partager avec mes lecteurs un r\u00e9sum\u00e9 de notre conversation d\u2019une heure, sans pr\u00e9tendre pouvoir refl\u00e9ter tous les \u00e9l\u00e9ments du grand travail accompli par le PNUD en Tunisie, non seulement depuis des ann\u00e9es, mais essentiellement cette ann\u00e9e, avant, pendant et apr\u00e8s la pand\u00e9mie du Covid -19.<\/p>\n<p>M. Utterwulghe m\u2019a paru tr\u00e8s optimiste, partant du fait que la Tunisie \u00e9tait \u00e0 la t\u00eate des pays Africains dans l\u2019impl\u00e9mentation des Objectifs du D\u00e9veloppement Durable (ODD), lors de la pr\u00e9sentation de son rapport, en Juillet 2019. Pour ma part, je pense que cette d\u00e9cennie qui devait \u00eatre celle de l\u2019action pour atteindre les ODD, semble \u00eatre assez mal partie \u00e0 cause des implications socio-\u00e9conomiques du Covid -19 sur une tr\u00e8s grande partie de la population.<\/p>\n<p>Conscient de cela, <span class=\"c2\"><strong>le PNUD a d\u00e9cid\u00e9 de r\u00e9ajuster et r\u00e9adapter certaines de ses activit\u00e9s en fonction des nouvelles contraintes<\/strong><\/span>. \u00c0 titre d\u2019exemple, le PNUD a adopt\u00e9 une politique proactive de reprogrammation de son budget et de ses activit\u00e9s, incluant <span class=\"c2\"><strong>une mobilisation de ressources, pour un montant total de 7,2 millions de dollars, au profit du gouvernement et de la population Tunisienne.<\/strong><\/span> Comme appui cibl\u00e9, il a d\u00e9cid\u00e9 la r\u00e9affectation rapide d\u2019une partie de son budget pour l\u2019achat et la fabrication d\u2019\u00e9quipements m\u00e9dicaux et de protection. Cette action lui a permis de r\u00e9pondre efficacement aux demandes imm\u00e9diates et ainsi, de contribuer \u00e0 l\u2019effort national pour limiter la propagation du virus.\u00a0 Dans ce cadre, il a par exemple renforc\u00e9 les capacit\u00e9s de l\u2019h\u00f4pital des Forces de S\u00e9curit\u00e9 Int\u00e9rieure (FSI) de la Marsa, gr\u00e2ce \u00e0 la remise d\u2019\u00e9quipements m\u00e9dicaux de pointe.<\/p>\n<p>Par ailleurs, en partenariat avec le Haut-Commissariat aux Droits Humains (HCDH), et en appui aux services p\u00e9nitenciers, l\u2019appui du PNUD a consist\u00e9 en l\u2019achat de tissu et d\u2019\u00e9quipements pour la fabrication de 200 000 masques et 50 000 combinaisons au profit du Minist\u00e8re de la Sant\u00e9 et des FSI. Ces \u00e9quipements de protection sont fabriqu\u00e9s au niveau de trois prisons dont celle des femmes de la Manouba au profit de 23 000 d\u00e9tenus et 7000 membres du personnel et de leurs familles.<\/p>\n<p><span class=\"c2\"><strong>Le PNUD a ax\u00e9 son action en priorit\u00e9 sur les partenaires nationaux dits de premi\u00e8re ligne,<\/strong><\/span> en charge d\u2019aider la population et d\u2019assurer la continuit\u00e9 des services de l\u2019Etat. La strat\u00e9gie en cours implique le d\u00e9ploiement progressif de mesures d\u2019att\u00e9nuation de la crise aux niveaux \u00e9conomique, social et environnemental, l\u2019objectif prioritaire \u00e9tant de soutenir les populations et les cat\u00e9gories socio-professionnelles les plus vuln\u00e9rables, dont les jeunes et les femmes. En parall\u00e8le, le PNUD continue d\u2019appuyer plusieurs programmes de bonne gouvernance, mais d\u2019une mani\u00e8re diff\u00e9rente \u00e0 cause du Covid-19. \u00c0 titre d\u2019exemple, <span class=\"c2\"><strong>l\u2019appui \u00e0 l\u2019Assembl\u00e9e des Repr\u00e9sentants du Peuple (ARP) s\u2019est transform\u00e9 en un soutien pour la mise en \u0153uvre d\u2019un \u00ab Business Continuity Plan \u00bb, impliquant un renforcement du parc informatique mobile et une num\u00e9risation progressive de l\u2019ensemble du processus parlementaire.<\/strong><\/span><\/p>\n<p>Dans les r\u00e9gions, le PNUD intervient \u00e0 travers les 16 Comit\u00e9s Locaux de S\u00e9curit\u00e9 (CLS) dans 10 gouvernorats avec une concentration des efforts au niveau de la r\u00e9gion de M\u00e9denine. Les CLS interviennent quotidiennement pour faciliter la communication, la sensibilisation aupr\u00e8s des citoyens en coordonnant les efforts entre les FSI, les autorit\u00e9s locales et les organisations de la soci\u00e9t\u00e9 civile, tel par exemple, la mise en place de services en ligne pour l\u2019obtention de papiers administratifs, demandes d\u2019autorisation et r\u00e9ception des plaintes des citoyens.<\/p>\n<p><span class=\"c2\"><strong>Les proc\u00e9dures judiciaires dans le cadre du projet de police de proximit\u00e9 ont \u00e9t\u00e9 renforc\u00e9es en cette p\u00e9riode de crise, afin de r\u00e9duire la dur\u00e9e des auditions et de garde \u00e0 vue au sein des commissariats pilotes.<\/strong><\/span> Ces derniers ont b\u00e9n\u00e9fici\u00e9 de l\u2019achat d\u2019\u00e9quipements de protection et de d\u00e9sinfection, mais aussi de cam\u00e9ras portatives facilitant une v\u00e9rification sans contact physique des documents.<\/p>\n<p>Comme j\u2019ai toujours pens\u00e9, en tant qu\u2019experte ayant fait des consultations avec plusieurs agences onusiennes, <span class=\"c2\"><strong>ce qui est important c\u2019est d\u2019avoir des leaders \u00e0 la t\u00eate de ces organismes ayant une vision claire et une compr\u00e9hension profonde du contexte dans lequel ils travaillent<\/strong><\/span>. Cette conversation m\u2019a rassur\u00e9e sur ce point, car la Tunisie \u00e9tait d\u00e9j\u00e0 dans une situation \u00e9conomique tr\u00e8s fragile avant la pand\u00e9mie, et il faudrait attendre les r\u00e9sultats de l\u2019\u00e9tude entreprise par le PNUD pour \u00e9valuer l\u2019ampleur r\u00e9elle de l\u2019impact de ce virus sur notre pays et notre peuple.<\/p>\n<p>En effet, le PNUD travaille sur <span class=\"c2\"><strong>une \u00e9tude d\u2019impact micro-\u00e9conomique de la pand\u00e9mie sur la Tunisie.<\/strong><\/span> Cette \u00e9tude, pr\u00e9vue pour fin mai, d\u00e9terminera le niveau d\u2019impact sur les secteurs d&rsquo;activit\u00e9s \u00e9conomiques et les \u00e9changes ext\u00e9rieurs de la Tunisie, ainsi qu\u2019un bilan de la situation du secteur informel, incluant la situation des femmes qui y travaillent. L\u2019\u00e9tude analysera aussi la pauvret\u00e9 multidimensionnelle impactant les m\u00e9nages et les populations vuln\u00e9rables.<\/p>\n<p>L\u2019objectif final \u00e9tant la formulation de recommandations pour des politiques publiques pouvant amorcer une reprise \u00e9conomique rapide<span class=\"c2\"><sup><strong>(1)<\/strong><\/sup><\/span>.\u00a0<\/p>\n<p>A ma question relative aux 170.000 nouveaux jeunes \u00e0 la recherche d\u2019un emploi, Mr. Utterwulghe m\u2019informe qu\u2019un : \u00ab appui particulier est fait en mati\u00e8re d\u2019emploi \u00bb, en ajoutant : \u00ab que le PNUD avait une collaboration \u00e9troite avec des institutions comme l\u2019ANETI pour l\u2019appui \u00e0 la formation et \u00e0 la cr\u00e9ation d\u2019emploi pour les jeunes, ainsi qu\u2019un projet d\u00e9di\u00e9 au soutien de l\u2019entreprenariat. Nous appuyons \u00e9galement dans les r\u00e9gions des programmes pour favoriser des chaines de valeur centr\u00e9es sur l\u2019entreprenariat. Ces actions de soutien socio-\u00e9conomique, ciblant le Sud Tunisien, particuli\u00e8rement M\u00e9denine et Tataouine, sont faites en concertation avec plusieurs minist\u00e8res et institutions publiques \u00bb.<\/p>\n<p>Mr. Utterwulghe, qui du reste est polyglotte, a pr\u00e9f\u00e9r\u00e9 utiliser le concept de \u00ab crise \u00bb tel que traduit en Chinois : <span class=\"c2\"><strong>\u00ab Wei-Ji \u00bb !<\/strong><\/span> Si la premi\u00e8re syllabe veut dire <span class=\"c2\"><strong>\u00ab danger \u00bb,<\/strong><\/span> la deuxi\u00e8me veut dire <span class=\"c2\"><strong>\u00ab point de basculement vers une nouvelle opportunit\u00e9 \u00bb.<\/strong><\/span> En fait, le Repr\u00e9sentant R\u00e9sident pense que la Tunisie devrait exploiter cette \u2018crise\u2019 comme une opportunit\u00e9 pour repartir sur des bases solides vers un nouveau mod\u00e8le de d\u00e9veloppement et une \u00e9conomie verte et solidaire, capable d\u2019assurer une croissance inclusive qui ne laisse aucune cat\u00e9gorie de la population en marge du d\u00e9veloppement.<\/p>\n<p>Avant de conclure notre entretien et sachant qu\u2019il a d\u00e9j\u00e0 pass\u00e9 une ann\u00e9e en Tunisie, je n\u2019ai pas pu m\u2019emp\u00eacher de lui demander quel regard avait-il sur notre pays ? Sans h\u00e9siter, il me r\u00e9pond\u00eet : <span class=\"c2\"><strong>\u00ab La beaut\u00e9 de la Tunisie r\u00e9side dans son capital humain \u00bb<\/strong><\/span> ! D\u2019apr\u00e8s lui, bien que le COVID-19 aura un impact sur plusieurs programmes mis en place, il n\u2019emp\u00eache que la Tunisie a d\u00e9montr\u00e9 depuis 2011, malgr\u00e9 toutes les crises qu\u2019elle a eu \u00e0 affronter, une excellente capacit\u00e9 de r\u00e9silience, vue qu\u2019elle dispose d\u2019une continuit\u00e9 administrative et des services fonctionnels.<\/p>\n<p><span class=\"c3\"><em>(1) Le PNUD a aussi lanc\u00e9 en parall\u00e8le au niveau global une \u00e9tude sur l\u2019impact socio-\u00e9conomique du COVID disponible sur ce site web : <a href=\"http:\/\/www.hdr.undp.org\/\" target=\"_blank\" rel=\"noopener noreferrer\">http:\/\/www.hdr.undp.org\/<\/a><\/em><\/span><br \/>\u00a0<\/p>\n<p>Auteur:<br \/>\n<a href=\"https:\/\/www.leaders.com.tn\/article\/29900-l-engagement-du-pnud-en-tunisie-au-temps-du-covid-19-conversation-entre-dr-khadija-moalla-et-se-mr-steve-utterwulghe-representant-resident-du-pnud-en-tunisie\">Cliquez ici pour lire l&rsquo;article depuis sa source.<\/a><\/p>\n","protected":false},"excerpt":{"rendered":"<p>Par Khadija Moalla &#8211; En ces temps incertains de la pand\u00e9mie du Covid-19, et en tant qu\u2019experte internationale, j\u2019ai voulu avoir une conversation avec le repr\u00e9sentant r\u00e9sident du Programme des Nations Unies pour le D\u00e9veloppement (PNUD) en Tunisie, Steve Utterwulghe, afin de mieux comprendre l\u2019engagement de cette organisation onusienne, dans le cadre de la pand\u00e9mie, [&hellip;]<\/p>\n","protected":false},"author":1772,"featured_media":0,"comment_status":"closed","ping_status":"closed","sticky":false,"template":"","format":"standard","meta":{"fifu_image_url":"","fifu_image_alt":"","footnotes":""},"categories":[73,55],"tags":[],"class_list":["post-85120","post","type-post","status-publish","format-standard","hentry","category-actualite","category-tunisie"],"_links":{"self":[{"href":"https:\/\/linitiative.ca\/International\/wp-json\/wp\/v2\/posts\/85120","targetHints":{"allow":["GET"]}}],"collection":[{"href":"https:\/\/linitiative.ca\/International\/wp-json\/wp\/v2\/posts"}],"about":[{"href":"https:\/\/linitiative.ca\/International\/wp-json\/wp\/v2\/types\/post"}],"author":[{"embeddable":true,"href":"https:\/\/linitiative.ca\/International\/wp-json\/wp\/v2\/users\/1772"}],"replies":[{"embeddable":true,"href":"https:\/\/linitiative.ca\/International\/wp-json\/wp\/v2\/comments?post=85120"}],"version-history":[{"count":0,"href":"https:\/\/linitiative.ca\/International\/wp-json\/wp\/v2\/posts\/85120\/revisions"}],"wp:attachment":[{"href":"https:\/\/linitiative.ca\/International\/wp-json\/wp\/v2\/media?parent=85120"}],"wp:term":[{"taxonomy":"category","embeddable":true,"href":"https:\/\/linitiative.ca\/International\/wp-json\/wp\/v2\/categories?post=85120"},{"taxonomy":"post_tag","embeddable":true,"href":"https:\/\/linitiative.ca\/International\/wp-json\/wp\/v2\/tags?post=85120"}],"curies":[{"name":"wp","href":"https:\/\/api.w.org\/{rel}","templated":true}]}}