{"id":85127,"date":"2020-05-11T12:22:34","date_gmt":"2020-05-11T16:22:34","guid":{"rendered":"https:\/\/linitiative.ca\/International\/coronavirus-218-nouveaux-cas-6281-cas-cumules-lundi-a-16-heures\/"},"modified":"2020-05-11T12:22:34","modified_gmt":"2020-05-11T16:22:34","slug":"coronavirus-218-nouveaux-cas-6281-cas-cumules-lundi-a-16-heures","status":"publish","type":"post","link":"https:\/\/linitiative.ca\/International\/coronavirus-218-nouveaux-cas-6281-cas-cumules-lundi-a-16-heures\/","title":{"rendered":"Coronavirus : 218 nouveaux cas, 6281 cas cumul\u00e9s lundi \u00e0 16 heures"},"content":{"rendered":"<p><strong>Voici le nouveau bilan du minist\u00e8re de la Sant\u00e9.<\/strong><\/p>\n<div class=\"c10\"\/>\n<p>Le minist\u00e8re de la Sant\u00e9 vient de livrer son nouveau bilan. Ainsi, le Maroc a enregistr\u00e9, ces derni\u00e8res 24 heures, 218 nouveaux cas de contamination au Covid-19. Le total des cas cumul\u00e9s s\u2019\u00e9l\u00e8ve d\u00e9sormais donc \u00e0 6281, lundi \u00e0 16 heures. En ce qui concerne, le nombre de personnes, il a atteint 2811, contre 188 d\u00e9c\u00e8s.<\/p>\n<div class=\"c17\">\n<fieldset class=\"c16\">\n<legend><strong><span class=\"c11\">Challenge<\/span><span class=\"c12\">news<\/span><\/strong><\/legend>\n<div class=\"c15\">Le meilleur de Challenge s\u00e9lectionn\u00e9 par la r\u00e9daction :<\/p>\n<\/div>\n<\/fieldset>\n<\/div>\n<p>Auteur: challenge<br \/>\n<a href=\"https:\/\/www.challenge.ma\/coronavirus-218-nouveaux-cas-6281-cas-cumules-lundi-a-16-heures-140078\/\">Cliquez ici pour lire l&rsquo;article depuis sa source.<\/a><\/p>\n","protected":false},"excerpt":{"rendered":"<p>Voici le nouveau bilan du minist\u00e8re de la Sant\u00e9. Le minist\u00e8re de la Sant\u00e9 vient de livrer son nouveau bilan. Ainsi, le Maroc a enregistr\u00e9, ces derni\u00e8res 24 heures, 218 nouveaux cas de contamination au Covid-19. Le total des cas cumul\u00e9s s\u2019\u00e9l\u00e8ve d\u00e9sormais donc \u00e0 6281, lundi \u00e0 16 heures. En ce qui concerne, le [&hellip;]<\/p>\n","protected":false},"author":1787,"featured_media":0,"comment_status":"closed","ping_status":"closed","sticky":false,"template":"","format":"standard","meta":{"fifu_image_url":"","fifu_image_alt":"","footnotes":""},"categories":[78,54],"tags":[],"class_list":["post-85127","post","type-post","status-publish","format-standard","hentry","category-economie","category-maroc"],"_links":{"self":[{"href":"https:\/\/linitiative.ca\/International\/wp-json\/wp\/v2\/posts\/85127","targetHints":{"allow":["GET"]}}],"collection":[{"href":"https:\/\/linitiative.ca\/International\/wp-json\/wp\/v2\/posts"}],"about":[{"href":"https:\/\/linitiative.ca\/International\/wp-json\/wp\/v2\/types\/post"}],"author":[{"embeddable":true,"href":"https:\/\/linitiative.ca\/International\/wp-json\/wp\/v2\/users\/1787"}],"replies":[{"embeddable":true,"href":"https:\/\/linitiative.ca\/International\/wp-json\/wp\/v2\/comments?post=85127"}],"version-history":[{"count":0,"href":"https:\/\/linitiative.ca\/International\/wp-json\/wp\/v2\/posts\/85127\/revisions"}],"wp:attachment":[{"href":"https:\/\/linitiative.ca\/International\/wp-json\/wp\/v2\/media?parent=85127"}],"wp:term":[{"taxonomy":"category","embeddable":true,"href":"https:\/\/linitiative.ca\/International\/wp-json\/wp\/v2\/categories?post=85127"},{"taxonomy":"post_tag","embeddable":true,"href":"https:\/\/linitiative.ca\/International\/wp-json\/wp\/v2\/tags?post=85127"}],"curies":[{"name":"wp","href":"https:\/\/api.w.org\/{rel}","templated":true}]}}