{"id":85128,"date":"2020-05-11T12:30:18","date_gmt":"2020-05-11T16:30:18","guid":{"rendered":"https:\/\/linitiative.ca\/International\/le-maroc-sera-le-dernier-pays-au-monde-a-lever-le-confinement-generalise\/"},"modified":"2020-05-11T12:30:18","modified_gmt":"2020-05-11T16:30:18","slug":"le-maroc-sera-le-dernier-pays-au-monde-a-lever-le-confinement-generalise","status":"publish","type":"post","link":"https:\/\/linitiative.ca\/International\/le-maroc-sera-le-dernier-pays-au-monde-a-lever-le-confinement-generalise\/","title":{"rendered":"Le Maroc sera le dernier pays au monde \u00e0 lever le confinement g\u00e9n\u00e9ralis\u00e9"},"content":{"rendered":"<p><strong>\u00c0 l\u2019issue d\u2019une semaine qui devra connaitre (sauf grande surprise) la lev\u00e9e du confinement chez trois autres pays dont les populations sont d\u00e9j\u00e0 parmi les derni\u00e8res \u00e0 vivre une telle restriction de mouvement, le Maroc risque fort bien de \u00abjouir\u00bb, pour encore quelques jours, du douloureux privil\u00e8ge d\u2019\u00eatre le tout dernier pays au monde \u00e0 instaurer un confinement strict.<\/strong><\/p>\n<div class=\"c10\"\/>\n<p>En effet, apr\u00e8s la semaine du 4 mai qui avait \u00e9t\u00e9 marqu\u00e9e par le d\u00e9but du \u00abd\u00e9confinement\u00bb chez plusieurs nations (Inde, Italie, Portugal, Gr\u00e8ce, Tunisie, Malaisie, Liban, Espagne\u2026), celle qui s\u2019ensuivit d\u00e9bute, d\u00e8s ce lundi 11 mai 2020, par l\u2019entr\u00e9e en vigueur en France d\u2019un\u00a0\u00abd\u00e9confinement\u00bb progressif qui aura \u00e9t\u00e9 des plus pol\u00e9miques ces derniers jours \u00e0 cause des interrogations et des appr\u00e9hensions suscit\u00e9es chez les citoyens fran\u00e7ais quant \u00e0 sa d\u00e9licate mise en \u0153uvre pratique.<\/p>\n<p>Trois jours apr\u00e8s, c\u2019est l\u2019Alg\u00e9rie qui lui emboitera le pas en mettant fin \u00e0 un confinement qui restera, lui, dans les sinistres annales de la pand\u00e9mie du Covid-19 comme l\u2019un des plus cafouilleux \u00e0 l\u2019\u00e9chelle de la plan\u00e8te depuis son entr\u00e9e en vigueur le 24 mars \u00e0 la seule Wilaya de Blida \u00e0 la derni\u00e8re annonce de sa prorogation datant du 27 avril. Enfin, le lendemain (le 15 mai), \u00e7a sera au tour des Roumains d\u2019\u00eatre autoris\u00e9s \u00e0 se d\u00e9placer librement sous certaines conditions encore plus fermes que celles adopt\u00e9es par la France pour son plan de\u00a0d\u00e9confinement comme le port obligatoire des masques de protection dans tous les espaces publics ferm\u00e9s et les transports publics.<\/p>\n<p>En attendant de recouvrer partiellement \u00e0 partir du 20 mai (si pas de nouvelle prorogation !) leur vie d\u2019avant, les Marocains auront, pour leur part, quand m\u00eame v\u00e9cu avec ce confinement strict, un \u00e9pisode des plus \u00e9prouvants \u00e0 l\u2019\u00e9chelle \u00e9conomique et sociale avec quelque 132 000 entreprises affect\u00e9es (soit environ 60% du secteur structur\u00e9), plus de 900 000 salari\u00e9s temporairement en arr\u00eat de travail et au moins 4,3 millions de familles priv\u00e9es des revenus tir\u00e9s du secteur informel ou d\u2019emplois pr\u00e9caires.<\/p>\n<div class=\"wp-block-image\"><img loading=\"lazy\" decoding=\"async\" src=\"https:\/\/www.challenge.ma\/wp-content\/uploads\/2020\/05\/WhatsApp-Image-2020-05-11-at-12.20.30-1-1024x682.jpeg\" alt=\"\" class=\"wp-image-140029\" width=\"588\" height=\"391\" srcset=\"https:\/\/www.challenge.ma\/wp-content\/uploads\/2020\/05\/WhatsApp-Image-2020-05-11-at-12.20.30-1.jpeg 1024w, https:\/\/www.challenge.ma\/wp-content\/uploads\/2020\/05\/WhatsApp-Image-2020-05-11-at-12.20.30-1-300x200.jpeg 300w, https:\/\/www.challenge.ma\/wp-content\/uploads\/2020\/05\/WhatsApp-Image-2020-05-11-at-12.20.30-1-768x512.jpeg 768w, https:\/\/www.challenge.ma\/wp-content\/uploads\/2020\/05\/WhatsApp-Image-2020-05-11-at-12.20.30-1-360x240.jpeg 360w, https:\/\/www.challenge.ma\/wp-content\/uploads\/2020\/05\/WhatsApp-Image-2020-05-11-at-12.20.30-1-750x500.jpeg 750w\" sizes=\"auto, (max-width: 588px) 100vw, 588px\"\/><\/div>\n<div class=\"c17\">\n<fieldset class=\"c16\">\n<legend><strong><span class=\"c11\">Challenge<\/span><span class=\"c12\">news<\/span><\/strong><\/legend>\n<div class=\"c15\">Le meilleur de Challenge s\u00e9lectionn\u00e9 par la r\u00e9daction :<\/p>\n<\/div>\n<\/fieldset>\n<\/div>\n<p>Auteur: Salim Mansouri<br \/>\n<a href=\"https:\/\/www.challenge.ma\/le-maroc-sera-le-dernier-pays-au-monde-a-lever-le-confinement-generalise-140028\/\">Cliquez ici pour lire l&rsquo;article depuis sa source.<\/a><\/p>\n","protected":false},"excerpt":{"rendered":"<p>\u00c0 l\u2019issue d\u2019une semaine qui devra connaitre (sauf grande surprise) la lev\u00e9e du confinement chez trois autres pays dont les populations sont d\u00e9j\u00e0 parmi les derni\u00e8res \u00e0 vivre une telle restriction de mouvement, le Maroc risque fort bien de \u00abjouir\u00bb, pour encore quelques jours, du douloureux privil\u00e8ge d\u2019\u00eatre le tout dernier pays au monde \u00e0 [&hellip;]<\/p>\n","protected":false},"author":1787,"featured_media":85129,"comment_status":"closed","ping_status":"closed","sticky":false,"template":"","format":"standard","meta":{"fifu_image_url":"","fifu_image_alt":"","footnotes":""},"categories":[78,54],"tags":[],"class_list":["post-85128","post","type-post","status-publish","format-standard","has-post-thumbnail","hentry","category-economie","category-maroc"],"_links":{"self":[{"href":"https:\/\/linitiative.ca\/International\/wp-json\/wp\/v2\/posts\/85128","targetHints":{"allow":["GET"]}}],"collection":[{"href":"https:\/\/linitiative.ca\/International\/wp-json\/wp\/v2\/posts"}],"about":[{"href":"https:\/\/linitiative.ca\/International\/wp-json\/wp\/v2\/types\/post"}],"author":[{"embeddable":true,"href":"https:\/\/linitiative.ca\/International\/wp-json\/wp\/v2\/users\/1787"}],"replies":[{"embeddable":true,"href":"https:\/\/linitiative.ca\/International\/wp-json\/wp\/v2\/comments?post=85128"}],"version-history":[{"count":0,"href":"https:\/\/linitiative.ca\/International\/wp-json\/wp\/v2\/posts\/85128\/revisions"}],"wp:featuredmedia":[{"embeddable":true,"href":"https:\/\/linitiative.ca\/International\/wp-json\/"}],"wp:attachment":[{"href":"https:\/\/linitiative.ca\/International\/wp-json\/wp\/v2\/media?parent=85128"}],"wp:term":[{"taxonomy":"category","embeddable":true,"href":"https:\/\/linitiative.ca\/International\/wp-json\/wp\/v2\/categories?post=85128"},{"taxonomy":"post_tag","embeddable":true,"href":"https:\/\/linitiative.ca\/International\/wp-json\/wp\/v2\/tags?post=85128"}],"curies":[{"name":"wp","href":"https:\/\/api.w.org\/{rel}","templated":true}]}}