{"id":85139,"date":"2020-05-11T17:17:21","date_gmt":"2020-05-11T21:17:21","guid":{"rendered":"https:\/\/linitiative.ca\/International\/volley-ball-la-tunisie-accueillera-le-championnat-arabe-des-nations-en-novembre\/"},"modified":"2020-05-11T17:17:21","modified_gmt":"2020-05-11T21:17:21","slug":"volley-ball-la-tunisie-accueillera-le-championnat-arabe-des-nations-en-novembre","status":"publish","type":"post","link":"https:\/\/linitiative.ca\/International\/volley-ball-la-tunisie-accueillera-le-championnat-arabe-des-nations-en-novembre\/","title":{"rendered":"Volley-ball : La Tunisie accueillera le championnat arabe des nations en novembre"},"content":{"rendered":"<div class=\"post-cont-in left relative\">\n<p dir=\"ltr\">La F\u00e9d\u00e9ration Tunisienne de Volley-ball vient de confirmer que la Tunisie organisera le championnat arabe des nations en novembre prochain.<\/p>\n<div class=\"code-block code-block-1 c3\"><ins class=\"adsbygoogle c2\" data-ad-layout=\"in-article\" data-ad-format=\"fluid\" data-ad-client=\"ca-pub-2102118777505746\" data-ad-slot=\"7301775417\"\/> <\/div>\n<p dir=\"ltr\">L\u2019Union arabe de volley-ball avait pr\u00e9c\u00e9demment d\u00e9cid\u00e9 de reporter ce tournoi de septembre \u00e0 novembre ou d\u00e9cembre 2020 en raison de la propagation de l\u2019\u00e9pid\u00e9mie de <a href=\"https:\/\/www.tunisienumerique.com\/tunisie-actualite\/coronavirus\/\" title=\"coronavirus\" target=\"_top\" class=\"auto-link\" rel=\"noopener noreferrer\">coronavirus<\/a> dans le monde.<\/p>\n<p dir=\"ltr\">Il a \u00e9galement \u00e9t\u00e9 d\u00e9cid\u00e9 de garder lors de cette r\u00e9union la mise en place du championnat arabe de Beach-volleyball masculin et f\u00e9minin au Maroc, tandis que le reste des championnats ont \u00e9t\u00e9 report\u00e9s \u00e0 2021.<\/p>\n<div class=\"swp_social_panel swp_horizontal_panel swp_flat_fresh swp_default_full_color swp_individual_full_color swp_other_full_color scale-100 scale-\" data-min-width=\"1100\" data-float-color=\"#ffffff\" data-float=\"bottom\" data-float-mobile=\"bottom\" data-transition=\"slide\">\n<div class=\"nc_tweetContainer swp_share_button total_shares total_sharesalt\"><span class=\"swp_count\">0 <span class=\"swp_label\">Partages<\/span><\/span><\/div>\n<\/div>\n<p><strong>Que se passe-t-il en Tunisie?<\/strong><br \/>Nous expliquons sur notre <a href=\"https:\/\/www.youtube.com\/channel\/UCRzypVq0B_yBad5eGrwBx0Q?sub_confirmation=1\" target=\"_blank\" rel=\"noopener noreferrer\">cha\u00eene YouTube<\/a> . <a href=\"https:\/\/www.youtube.com\/channel\/UCRzypVq0B_yBad5eGrwBx0Q?sub_confirmation=1\" target=\"_blank\" rel=\"noopener noreferrer\">Abonnez-vous!<\/a><\/p>\n<div class=\"mvp-org-wrap mvp-org-logo\" itemprop=\"publisher\" itemscope=\"\" itemtype=\"https:\/\/schema.org\/Organization\"><img decoding=\"async\" src=\"https:\/\/www.tunisienumerique.com\/wp-content\/uploads\/2017\/02\/logo_tunisie_numerique.png\"\/><\/div>\n<div class=\"mvp-related-posts left relative\">\n<h4 class=\"post-header\"><span class=\"post-header\">Lire aussi<\/span><\/h4>\n<\/div>\n<div id=\"article-ad\"><ins class=\"adsbygoogle c4\" data-ad-client=\"ca-pub-2102118777505746\" data-ad-slot=\"6513972734\" data-ad-format=\"auto\" data-full-width-responsive=\"true\"\/> <\/div>\n<\/div>\n<div id=\"post-sidebar-wrap\"><ins class=\"adsbygoogle c4\" data-ad-client=\"ca-pub-2102118777505746\" data-ad-slot=\"6168283410\" data-ad-format=\"auto\" data-full-width-responsive=\"true\"\/> <\/div>\n<p>Auteur:<br \/>\n<a href=\"https:\/\/www.tunisienumerique.com\/volley-ball-la-tunisie-accueillera-le-championnat-arabe-des-nations-en-novembre\/\">Cliquez ici pour lire l&rsquo;article depuis sa source.<\/a><\/p>\n","protected":false},"excerpt":{"rendered":"<p>La F\u00e9d\u00e9ration Tunisienne de Volley-ball vient de confirmer que la Tunisie organisera le championnat arabe des nations en novembre prochain. L\u2019Union arabe de volley-ball avait pr\u00e9c\u00e9demment d\u00e9cid\u00e9 de reporter ce tournoi de septembre \u00e0 novembre ou d\u00e9cembre 2020 en raison de la propagation de l\u2019\u00e9pid\u00e9mie de coronavirus dans le monde. Il a \u00e9galement \u00e9t\u00e9 d\u00e9cid\u00e9 [&hellip;]<\/p>\n","protected":false},"author":1789,"featured_media":85140,"comment_status":"closed","ping_status":"closed","sticky":false,"template":"","format":"standard","meta":{"fifu_image_url":"","fifu_image_alt":"","footnotes":""},"categories":[73,55],"tags":[],"class_list":["post-85139","post","type-post","status-publish","format-standard","has-post-thumbnail","hentry","category-actualite","category-tunisie"],"_links":{"self":[{"href":"https:\/\/linitiative.ca\/International\/wp-json\/wp\/v2\/posts\/85139","targetHints":{"allow":["GET"]}}],"collection":[{"href":"https:\/\/linitiative.ca\/International\/wp-json\/wp\/v2\/posts"}],"about":[{"href":"https:\/\/linitiative.ca\/International\/wp-json\/wp\/v2\/types\/post"}],"author":[{"embeddable":true,"href":"https:\/\/linitiative.ca\/International\/wp-json\/wp\/v2\/users\/1789"}],"replies":[{"embeddable":true,"href":"https:\/\/linitiative.ca\/International\/wp-json\/wp\/v2\/comments?post=85139"}],"version-history":[{"count":0,"href":"https:\/\/linitiative.ca\/International\/wp-json\/wp\/v2\/posts\/85139\/revisions"}],"wp:featuredmedia":[{"embeddable":true,"href":"https:\/\/linitiative.ca\/International\/wp-json\/"}],"wp:attachment":[{"href":"https:\/\/linitiative.ca\/International\/wp-json\/wp\/v2\/media?parent=85139"}],"wp:term":[{"taxonomy":"category","embeddable":true,"href":"https:\/\/linitiative.ca\/International\/wp-json\/wp\/v2\/categories?post=85139"},{"taxonomy":"post_tag","embeddable":true,"href":"https:\/\/linitiative.ca\/International\/wp-json\/wp\/v2\/tags?post=85139"}],"curies":[{"name":"wp","href":"https:\/\/api.w.org\/{rel}","templated":true}]}}