{"id":85150,"date":"2020-05-11T12:18:07","date_gmt":"2020-05-11T16:18:07","guid":{"rendered":"https:\/\/linitiative.ca\/International\/cote-divoire-covid-19-letat-decaisse-plus-de-139-milliards-fcfa-pour-le-paiement-de-la-dette-interieure\/"},"modified":"2020-05-11T12:18:07","modified_gmt":"2020-05-11T16:18:07","slug":"cote-divoire-covid-19-letat-decaisse-plus-de-139-milliards-fcfa-pour-le-paiement-de-la-dette-interieure","status":"publish","type":"post","link":"https:\/\/linitiative.ca\/International\/cote-divoire-covid-19-letat-decaisse-plus-de-139-milliards-fcfa-pour-le-paiement-de-la-dette-interieure\/","title":{"rendered":"C\u00f4te d\u2019Ivoire\/Covid-19: l\u2019\u00c9tat d\u00e9caisse plus de 139 milliards FCFA pour le paiement de la dette int\u00e9rieure"},"content":{"rendered":"<div readability=\"32\">\n<p>Publi\u00e9 le 11.05.2020 \u00e0 17h18 par APA News<\/p>\n<\/div>\n<div readability=\"86\">\n<p>Le montant cumul\u00e9 des d\u00e9caissements de l\u2019Etat de C\u00f4te d\u2019Ivoire au titre de la dette int\u00e9rieure en faveur de ses fournisseurs depuis avril dernier jusqu\u2019\u00e0 ce jour, s\u2019\u00e9l\u00e8ve \u00e0 139,100 milliards FCFA, a-t-on appris lundi de source officielle dans la capitale \u00e9conomique ivoirienne.Selon une note d\u2019information transmise \u00e0 APA, cet effort de l\u2019ex\u00e9cutif ivoirien s\u2019inscrit dans le cadre des mesures d\u2019appui aux entreprises mises en oeuvre \u00e0 travers le Plan de soutien \u00e9conomique, social, humanitaire face \u00e0 la maladie \u00e0 Covid-19.<\/p>\n<p>\u00ab \u00a0Le montant cumul\u00e9 des d\u00e9caissements pour les mois d\u2019avril et de mai 2020 s\u2019\u00e9l\u00e8ve \u00e0 ce jour \u00e0 139,100 milliards FCFA. Il convient de pr\u00e9ciser que de ce montant, \u00a022,3 milliards FCFA ont aussi \u00e9t\u00e9 d\u00e9caiss\u00e9s pour les fournisseurs dont les factures sont sup\u00e9rieures \u00e0 100 millions FCFA\u00bb, indique cette note d\u2019information qui rapporte une r\u00e9union du Comit\u00e9 paritaire technique ( CPT\/Covid-19) au cours de laquelle Zoumana Traor\u00e9, le payeur g\u00e9n\u00e9ral des services g\u00e9n\u00e9raux des administrations publiques a fait le point de la situation de paiement de la dette int\u00e9rieure au profit des fournisseurs de l\u2019\u00c9tat.\u00a0<\/p>\n<p>\u00ab \u00a0Au mois d\u2019avril, il a \u00e9t\u00e9 d\u00e9caiss\u00e9 la somme de 76, 100 milliards FCFA qui se d\u00e9compose comme suit: 31, 8 milliards FCFA pour les fournisseurs de l\u2019Etat et ses d\u00e9membrements dont les montants sont inf\u00e9rieurs \u00e0 100 millions FCFA. \u00a022 milliards FCFA ont \u00e9t\u00e9 d\u00e9caiss\u00e9s pour la dette \u00e9cole. 22, 3 milliards ont \u00e9t\u00e9 \u00e9galement d\u00e9caiss\u00e9s pour les fournisseurs dont la cr\u00e9ance est sup\u00e9rieure \u00e0 100 millions FCFA\u00bb, a expliqu\u00e9 M. Traor\u00e9 lors de cette rencontre.\u00a0<\/p>\n<p>Pour le mois de mai, a-t-il pr\u00e9cis\u00e9, \u00a0l\u2019op\u00e9ration a d\u00e9but\u00e9 le jeudi 7 mai et se poursuit. \u00ab A ce jour, (pour le mois de mai), il a \u00e9t\u00e9 d\u00e9caiss\u00e9 la somme de 63 milliards FCFA qui se d\u00e9compose comme suit : 32, 71 milliards FCFA pour les fournisseurs de l\u2019Etat et ses d\u00e9membrements et 30,84 milliards pour la dette \u00e9cole \u00bb, a soulign\u00e9 M. Traor\u00e9.\u00a0<\/p>\n<p>Dans le cadre de l\u2019appui aux entreprises \u00e0 travers le Plan de soutien \u00e9conomique, social et humanitaire face \u00e0 la pand\u00e9mie du Covid 19, le Gouvernement ivoirien a initi\u00e9 plusieurs mesures dont celle de continuer malgr\u00e9 la crise, le paiement de la dette int\u00e9rieure.<\/p>\n<p>Les entreprises des sous-secteurs sinistr\u00e9s du fait de la crise sanitaire, en sont les b\u00e9n\u00e9ficiaires avec un privil\u00e8ge accord\u00e9 \u00e0 celles disposant de factures inf\u00e9rieures \u00e0 100 millions FCFA en vue d\u2019atteindre le maximum d\u2019entreprises en particulier les PME et les TPE. La prochaine r\u00e9union du CPT\/ Covid-19 est pr\u00e9vue le 15 mai prochain.<\/p>\n<\/div>\n<p>Auteur: APA News<br \/>\n<a href=\"https:\/\/www.journalducameroun.com\/cote-divoire-covid-19-letat-decaisse-plus-de-139-milliards-fcfa-pour-le-paiement-de-la-dette-interieure\/\">Cliquez ici pour lire l&rsquo;article depuis sa source.<\/a><\/p>\n","protected":false},"excerpt":{"rendered":"<p>Publi\u00e9 le 11.05.2020 \u00e0 17h18 par APA News Le montant cumul\u00e9 des d\u00e9caissements de l\u2019Etat de C\u00f4te d\u2019Ivoire au titre de la dette int\u00e9rieure en faveur de ses fournisseurs depuis avril dernier jusqu\u2019\u00e0 ce jour, s\u2019\u00e9l\u00e8ve \u00e0 139,100 milliards FCFA, a-t-on appris lundi de source officielle dans la capitale \u00e9conomique ivoirienne.Selon une note d\u2019information transmise [&hellip;]<\/p>\n","protected":false},"author":1965,"featured_media":0,"comment_status":"closed","ping_status":"closed","sticky":false,"template":"","format":"standard","meta":{"fifu_image_url":"","fifu_image_alt":"","footnotes":""},"categories":[73,82],"tags":[],"class_list":["post-85150","post","type-post","status-publish","format-standard","hentry","category-actualite","category-cameroun"],"_links":{"self":[{"href":"https:\/\/linitiative.ca\/International\/wp-json\/wp\/v2\/posts\/85150","targetHints":{"allow":["GET"]}}],"collection":[{"href":"https:\/\/linitiative.ca\/International\/wp-json\/wp\/v2\/posts"}],"about":[{"href":"https:\/\/linitiative.ca\/International\/wp-json\/wp\/v2\/types\/post"}],"author":[{"embeddable":true,"href":"https:\/\/linitiative.ca\/International\/wp-json\/wp\/v2\/users\/1965"}],"replies":[{"embeddable":true,"href":"https:\/\/linitiative.ca\/International\/wp-json\/wp\/v2\/comments?post=85150"}],"version-history":[{"count":0,"href":"https:\/\/linitiative.ca\/International\/wp-json\/wp\/v2\/posts\/85150\/revisions"}],"wp:attachment":[{"href":"https:\/\/linitiative.ca\/International\/wp-json\/wp\/v2\/media?parent=85150"}],"wp:term":[{"taxonomy":"category","embeddable":true,"href":"https:\/\/linitiative.ca\/International\/wp-json\/wp\/v2\/categories?post=85150"},{"taxonomy":"post_tag","embeddable":true,"href":"https:\/\/linitiative.ca\/International\/wp-json\/wp\/v2\/tags?post=85150"}],"curies":[{"name":"wp","href":"https:\/\/api.w.org\/{rel}","templated":true}]}}