{"id":85153,"date":"2020-05-11T15:18:03","date_gmt":"2020-05-11T19:18:03","guid":{"rendered":"https:\/\/linitiative.ca\/International\/covid-19-le-rwanda-va-rapatrier-ses-ressortissants-bloques-aux-emirats-arabes-unis\/"},"modified":"2020-05-11T15:18:03","modified_gmt":"2020-05-11T19:18:03","slug":"covid-19-le-rwanda-va-rapatrier-ses-ressortissants-bloques-aux-emirats-arabes-unis","status":"publish","type":"post","link":"https:\/\/linitiative.ca\/International\/covid-19-le-rwanda-va-rapatrier-ses-ressortissants-bloques-aux-emirats-arabes-unis\/","title":{"rendered":"Covid-19: le Rwanda va rapatrier ses ressortissants bloqu\u00e9s aux \u00c9mirats arabes unis"},"content":{"rendered":"<div readability=\"32\">\n<p>Publi\u00e9 le 11.05.2020 \u00e0 20h18 par APA News<\/p>\n<\/div>\n<div readability=\"79\">\n<p>Des centaines de ressortissants rwandais bloqu\u00e9s aux Emirats Arabes Unis (EAU) en raison de l\u2019interdiction des voyages internationaux pour cause de pand\u00e9mie de coronavirus seront rapatri\u00e9s cette semaine, a r\u00e9v\u00e9l\u00e9 lundi une source diplomatique \u00e0 Kigali.Les m\u00e9dias locaux ont indiqu\u00e9 que des membres de la diaspora rwandaise dans les diff\u00e9rents \u00e9mirats arabes, notamment Duba\u00ef, Abou Dabi, Sharjah, Ajman, Umm Al Quwain, Ras Al Khaimah et Fujairah, et qui \u00e9taient bloqu\u00e9s apr\u00e8s la fermeture de toutes les activit\u00e9s \u00e9conomiques, font partie du groupe devant \u00eatre rapatri\u00e9 cette semaine.<\/p>\n<p>En raison de la situation aux EAU, les Rwandais qui travaillent et vivent \u00e0 Duba\u00ef ont souhait\u00e9 rentrer chez eux et attendre que la situation se stabilise, a d\u00e9clar\u00e9 l\u2019ambassadeur du Rwanda aux EAU, Emmanuel Hategeka.<\/p>\n<p>Il est pr\u00e9vu que tous les passagers seront soumis \u00e0 des tests m\u00e9dicaux et que les sympt\u00f4mes du Covid-19 ne seront pas autoris\u00e9s \u00e0 embarquer.<\/p>\n<p>Les passagers seront \u00e9galement contr\u00f4l\u00e9s \u00e0 leur arriv\u00e9e au Rwanda et mis en quarantaine pendant 14 jours dans les structures g\u00e9r\u00e9es par le gouvernement, y compris dans les h\u00f4tels.<\/p>\n<p>Le gouvernement rwandais avait pr\u00e9c\u00e9demment annonc\u00e9 son intention de commencer un rapatriement progressif de ses citoyens bloqu\u00e9s \u00e0 l\u2019\u00e9tranger depuis l\u2019\u00e9pid\u00e9mie de Covid-19, qui a \u00e9t\u00e9 suivie de mesures de confinement en mars dernier.<\/p>\n<p>Dans le cadre de ces mesures, la compagnie a\u00e9rienne nationale du Rwanda, RwandAir, a op\u00e9r\u00e9 deux vols au d\u00e9part d\u2019Amsterdam (Pays-Bas), de Londres (Royaume-Uni) et de Bruxelles (Belgique) pour ramener des centaines de ressortissants rwandais bloqu\u00e9s dans ces pays europ\u00e9ens.<\/p>\n<p>Entre-temps, les autorit\u00e9s sanitaires du Rwanda ont signal\u00e9 dimanche quatre nouveaux cas confirm\u00e9s de Covid-19, portant le nombre total \u00e0 284.<\/p>\n<p>Des informations officielles indiquent que 140 personnes sont sorties des h\u00f4pitaux depuis la d\u00e9tection du premier cas le 21 mars.<\/p>\n<\/div>\n<p>Auteur: APA News<br \/>\n<a href=\"https:\/\/www.journalducameroun.com\/covid-19-le-rwanda-va-rapatrier-ses-ressortissants-bloques-aux-emirats-arabes-unis\/\">Cliquez ici pour lire l&rsquo;article depuis sa source.<\/a><\/p>\n","protected":false},"excerpt":{"rendered":"<p>Publi\u00e9 le 11.05.2020 \u00e0 20h18 par APA News Des centaines de ressortissants rwandais bloqu\u00e9s aux Emirats Arabes Unis (EAU) en raison de l\u2019interdiction des voyages internationaux pour cause de pand\u00e9mie de coronavirus seront rapatri\u00e9s cette semaine, a r\u00e9v\u00e9l\u00e9 lundi une source diplomatique \u00e0 Kigali.Les m\u00e9dias locaux ont indiqu\u00e9 que des membres de la diaspora rwandaise [&hellip;]<\/p>\n","protected":false},"author":1965,"featured_media":0,"comment_status":"closed","ping_status":"closed","sticky":false,"template":"","format":"standard","meta":{"fifu_image_url":"","fifu_image_alt":"","footnotes":""},"categories":[73,82],"tags":[],"class_list":["post-85153","post","type-post","status-publish","format-standard","hentry","category-actualite","category-cameroun"],"_links":{"self":[{"href":"https:\/\/linitiative.ca\/International\/wp-json\/wp\/v2\/posts\/85153","targetHints":{"allow":["GET"]}}],"collection":[{"href":"https:\/\/linitiative.ca\/International\/wp-json\/wp\/v2\/posts"}],"about":[{"href":"https:\/\/linitiative.ca\/International\/wp-json\/wp\/v2\/types\/post"}],"author":[{"embeddable":true,"href":"https:\/\/linitiative.ca\/International\/wp-json\/wp\/v2\/users\/1965"}],"replies":[{"embeddable":true,"href":"https:\/\/linitiative.ca\/International\/wp-json\/wp\/v2\/comments?post=85153"}],"version-history":[{"count":0,"href":"https:\/\/linitiative.ca\/International\/wp-json\/wp\/v2\/posts\/85153\/revisions"}],"wp:attachment":[{"href":"https:\/\/linitiative.ca\/International\/wp-json\/wp\/v2\/media?parent=85153"}],"wp:term":[{"taxonomy":"category","embeddable":true,"href":"https:\/\/linitiative.ca\/International\/wp-json\/wp\/v2\/categories?post=85153"},{"taxonomy":"post_tag","embeddable":true,"href":"https:\/\/linitiative.ca\/International\/wp-json\/wp\/v2\/tags?post=85153"}],"curies":[{"name":"wp","href":"https:\/\/api.w.org\/{rel}","templated":true}]}}