{"id":85154,"date":"2020-05-11T17:18:03","date_gmt":"2020-05-11T21:18:03","guid":{"rendered":"https:\/\/linitiative.ca\/International\/covid-19-le-gouvernement-ivoirien-procede-au-suivi-des-transferts-monetaires-au-profit-des-menages-vulnerables\/"},"modified":"2020-05-11T17:18:03","modified_gmt":"2020-05-11T21:18:03","slug":"covid-19-le-gouvernement-ivoirien-procede-au-suivi-des-transferts-monetaires-au-profit-des-menages-vulnerables","status":"publish","type":"post","link":"https:\/\/linitiative.ca\/International\/covid-19-le-gouvernement-ivoirien-procede-au-suivi-des-transferts-monetaires-au-profit-des-menages-vulnerables\/","title":{"rendered":"Covid-19: le gouvernement ivoirien proc\u00e8de au suivi des transferts mon\u00e9taires au profit des m\u00e9nages vuln\u00e9rables"},"content":{"rendered":"<div readability=\"32\">\n<p>Publi\u00e9 le 11.05.2020 \u00e0 22h18 par APA News<\/p>\n<\/div>\n<div readability=\"107\">\n<p>La ministre ivoirienne de la Solidarit\u00e9, de la coh\u00e9sion sociale et de la lutte contre la pauvret\u00e9, Mariatou Kon\u00e9, s\u2019est assur\u00e9e lundi de l\u2019effectivit\u00e9 des transferts mon\u00e9taires au profit des m\u00e9nages vuln\u00e9rables \u00e0 Koumassi (Sud d\u2019Abidjan), dans le cadre de la lutte contre le Covid-19.Au quartier Koumassi campement F\u00e9lix Houphou\u00ebt-Boigny, Mme Mariatou Kon\u00e9, a expliqu\u00e9 que l\u2019op\u00e9ration du transfert mon\u00e9taire aux populations impact\u00e9es par les mesures sanitaires impos\u00e9es dans le cadre de la lutte contre le Covid-19, ob\u00e9it \u00e0 un \u00ab ciblage communautaire \u00bb.\u00a0<\/p>\n<p>Ce ciblage communautaire, dira-t-elle, montre ceux qui peuvent b\u00e9n\u00e9ficier de cette aide financi\u00e8re, fix\u00e9e \u00e0 25 000 Fcfa \u00a0par mois et sur une p\u00e9riode de trois mois. Un soutien qui vise \u00e0 travers le pays 177 198 m\u00e9nages identifi\u00e9s pour un fonds global de 13,3 milliards de F CFA.\u00a0<\/p>\n<p>Dogbo Boni, qui vit \u00e0 Koumassi campement, un quartier pr\u00e9caire, avec ses cinq enfants et sa femme, t\u00e9moigne avoir effectivement re\u00e7u via son t\u00e9l\u00e9phone un transfert de 25 000 Fcfa. Ce dernier qui prenait cela pour une \u00ab arnaque \u00bb au d\u00e9part, a re\u00e7u un message attestant d\u2019une aide de l\u2019Etat. \u00a0<\/p>\n<p>Cette somme de 25 000 Fcfa \u00ab m\u2019a vraiment soulag\u00e9 \u00bb, lance-t-il, rapportant avoir achet\u00e9 un petit sac de riz et recharg\u00e9 sa bouteille de gaz, puis le reste de l\u2019argent, inject\u00e9 cela dans l\u2019achat d\u2019un cr\u00e9dit d\u2019\u00e9nergie. \u00a0\u00a0<\/p>\n<p>\u00ab Ca nous a fait du bien moi et ma petite famille, et je remercie l\u2019Etat de C\u00f4te d\u2019Ivoire \u00bb, a affirm\u00e9 M. Dogbo, un ex-agent d\u2019une entreprise industrielle en Zone 4, dans le Sud d\u2019Abidjan, qui a \u00e9t\u00e9 licenci\u00e9 en 2015 et jusqu\u2019\u00e0 ce jour ne travaille pas. \u00a0<\/p>\n<p>Pour apporter de la clart\u00e9 \u00e0 cette op\u00e9ration, la ministre de la Solidarit\u00e9, de la coh\u00e9sion sociale et de la lutte contre la pauvret\u00e9 a fait savoir que selon les crit\u00e8res de vuln\u00e9rabilit\u00e9, M. Dogbo Boni, avant 2015, n\u2019\u00e9tait pas consid\u00e9r\u00e9 comme vuln\u00e9rable mais aujourd\u2019hui, en 2020, il fait partie des vuln\u00e9rables au regard de sa situation sociale.\u00a0<\/p>\n<p>Le suivi des transferts mon\u00e9taires a conduit Mme Mariatou Kon\u00e9 \u00e0 \u00ab v\u00e9rifier \u00bb que les b\u00e9n\u00e9ficiaires de la commune de Koumassi ont bien re\u00e7u pour ce mois cet appui de l\u2019Etat. Avant cette \u00e9tape, elle s\u2019\u00e9tait rendue \u00e0 Abobo (nord) et \u00e0 Yopougon (ouest).\u00a0<\/p>\n<p>\u00ab Partout, nous avons constat\u00e9 que les transferts sont effectifs et les b\u00e9n\u00e9ficiaires sont des personnes qui sont heureuses d\u2019avoir re\u00e7u ces transferts mon\u00e9taires \u00bb, a poursuivi la ministre de la Solidarit\u00e9, de la coh\u00e9sion sociale et de la lutte contre la pauvret\u00e9.<\/p>\n<p>Un Fonds national de solidarit\u00e9 et de soutien humanitaire Covid-19 d\u00e9di\u00e9 aux personnes vuln\u00e9rables est op\u00e9rationnel, depuis fin avril 2020, dans le Grand Abidjan pour s\u2019\u00e9tendre \u00e0 l\u2019int\u00e9rieur du pays \u00e0 partir de ce mois de mai.<\/p>\n<\/div>\n<p>Auteur: APA News<br \/>\n<a href=\"https:\/\/www.journalducameroun.com\/covid-19-le-gouvernement-ivoirien-procede-au-suivi-des-transferts-monetaires-au-profit-des-menages-vulnerables\/\">Cliquez ici pour lire l&rsquo;article depuis sa source.<\/a><\/p>\n","protected":false},"excerpt":{"rendered":"<p>Publi\u00e9 le 11.05.2020 \u00e0 22h18 par APA News La ministre ivoirienne de la Solidarit\u00e9, de la coh\u00e9sion sociale et de la lutte contre la pauvret\u00e9, Mariatou Kon\u00e9, s\u2019est assur\u00e9e lundi de l\u2019effectivit\u00e9 des transferts mon\u00e9taires au profit des m\u00e9nages vuln\u00e9rables \u00e0 Koumassi (Sud d\u2019Abidjan), dans le cadre de la lutte contre le Covid-19.Au quartier Koumassi [&hellip;]<\/p>\n","protected":false},"author":1965,"featured_media":0,"comment_status":"closed","ping_status":"closed","sticky":false,"template":"","format":"standard","meta":{"fifu_image_url":"","fifu_image_alt":"","footnotes":""},"categories":[73,82],"tags":[],"class_list":["post-85154","post","type-post","status-publish","format-standard","hentry","category-actualite","category-cameroun"],"_links":{"self":[{"href":"https:\/\/linitiative.ca\/International\/wp-json\/wp\/v2\/posts\/85154","targetHints":{"allow":["GET"]}}],"collection":[{"href":"https:\/\/linitiative.ca\/International\/wp-json\/wp\/v2\/posts"}],"about":[{"href":"https:\/\/linitiative.ca\/International\/wp-json\/wp\/v2\/types\/post"}],"author":[{"embeddable":true,"href":"https:\/\/linitiative.ca\/International\/wp-json\/wp\/v2\/users\/1965"}],"replies":[{"embeddable":true,"href":"https:\/\/linitiative.ca\/International\/wp-json\/wp\/v2\/comments?post=85154"}],"version-history":[{"count":0,"href":"https:\/\/linitiative.ca\/International\/wp-json\/wp\/v2\/posts\/85154\/revisions"}],"wp:attachment":[{"href":"https:\/\/linitiative.ca\/International\/wp-json\/wp\/v2\/media?parent=85154"}],"wp:term":[{"taxonomy":"category","embeddable":true,"href":"https:\/\/linitiative.ca\/International\/wp-json\/wp\/v2\/categories?post=85154"},{"taxonomy":"post_tag","embeddable":true,"href":"https:\/\/linitiative.ca\/International\/wp-json\/wp\/v2\/tags?post=85154"}],"curies":[{"name":"wp","href":"https:\/\/api.w.org\/{rel}","templated":true}]}}