{"id":85159,"date":"2020-05-11T06:43:23","date_gmt":"2020-05-11T10:43:23","guid":{"rendered":"https:\/\/linitiative.ca\/International\/le-no1-mondial-du-fret-maritime-sinstalle-au-port-de-kribi\/"},"modified":"2020-05-11T06:43:23","modified_gmt":"2020-05-11T10:43:23","slug":"le-no1-mondial-du-fret-maritime-sinstalle-au-port-de-kribi","status":"publish","type":"post","link":"https:\/\/linitiative.ca\/International\/le-no1-mondial-du-fret-maritime-sinstalle-au-port-de-kribi\/","title":{"rendered":"Le no1 mondial du fret maritime s\u2019installe au Port de Kribi"},"content":{"rendered":"<div id=\"the-post\">\n<div class=\"featured-area featured-area-inner\"><img loading=\"lazy\" decoding=\"async\" width=\"640\" height=\"470\" src=\"https:\/\/ecomatin.net\/wp-content\/uploads\/2020\/05\/PORT-DE-KRIBI-640x470.jpg\" class=\"attachment-jannah-image-post size-jannah-image-post wp-post-image\" alt=\"UN BATEAU AU PORT DE KRIBI\" data-attachment-id=\"15884\" data-permalink=\"https:\/\/ecomatin.net\/le-no1-mondial-du-fret-maritime-sinstalle-au-port-de-kribi\/port-de-kribi-10\/\" data-orig-file=\"https:\/\/ecomatin.net\/wp-content\/uploads\/2020\/05\/PORT-DE-KRIBI.jpg\" data-orig-size=\"640,480\" data-comments-opened=\"0\" data-image-meta=\"{&quot;aperture&quot;:&quot;1.8&quot;,&quot;credit&quot;:&quot;&quot;,&quot;camera&quot;:&quot;iPhone 8 Plus&quot;,&quot;caption&quot;:&quot;&quot;,&quot;created_timestamp&quot;:&quot;1588929026&quot;,&quot;copyright&quot;:&quot;&quot;,&quot;focal_length&quot;:&quot;3.99&quot;,&quot;iso&quot;:&quot;25&quot;,&quot;shutter_speed&quot;:&quot;0.0083333333333333&quot;,&quot;title&quot;:&quot;&quot;,&quot;orientation&quot;:&quot;1&quot;}\" data-image-title=\"PORT DE KRIBI\" data-image-description=\"\" data-medium-file=\"https:\/\/ecomatin.net\/wp-content\/uploads\/2020\/05\/PORT-DE-KRIBI-300x225.jpg\" data-large-file=\"https:\/\/ecomatin.net\/wp-content\/uploads\/2020\/05\/PORT-DE-KRIBI.jpg\"\/><\/div>\n<div class=\"entry-content entry clearfix\" readability=\"48.716469570234\">\n<p>Ce vendredi 08 mai, le terminal \u00e0 conteneurs du port de Kribi accueillait le navire \u00ab\u00a0Rhone Maersk\u00a0\u00bb de l\u2019armateur Danois <strong>Maersk<\/strong>. Une arriv\u00e9e qui marque le lancement officiel de la desserte de ce port par leader mondial du fret maritime. Une desserte qui se fera par partage des navires avec l\u2019armateur CMA-CGM. Le nouveau service hebdomadaire d\u00e9nomm\u00e9 \u00ab\u00a0<strong>MESSAWA\/MIDAS\u00a0<\/strong>\u00bb permettra \u00e0 <strong>KTC<\/strong> (<strong>Kribi Conteneur Terminal<\/strong>), d\u2019assurer la manutention des navires ayant des conteneurs \u00e0 l\u2019importation et \u00e0 l\u2019exportation en provenance ou \u00e0 destination du Moyen Orient et de l\u2019Asie. Avec l\u2019arriv\u00e9e de Maersk, le terminal est d\u00e9sormais desservi par quatre lignes maritimes \u00e0 savoir le groupe fran\u00e7ais <strong>CMA-CGM<\/strong>, l\u2019espagnol <strong>Marguisa<\/strong> et le n\u00e9erlandais <strong>NILEDUTCH<\/strong>.<\/p>\n<p class=\"has-background has-very-light-gray-background-color c2\"><strong><code>&gt;&gt;LIRE AUSSI-<\/code><\/strong> <a href=\"https:\/\/ecomatin.net\/port-de-kribi-des-precisions-sur-les-entreprises-adjudicataires-de-la-phase-ii\/\"><strong>Port de Kribi : des pr\u00e9cisions sur les entreprises adjudicataires de la phase II<\/strong><\/a><\/p>\n<p>Le nouveau service renforcera surtout de l\u2019attractivit\u00e9 du Port en eaux profondes de Kribi et le rendra plus comp\u00e9titif qu\u2019il ne l\u2019\u00e9tait jusqu\u2019ici. \u00ab\u00a0<em>Ce nouveau service permettra aux clients de KTC de b\u00e9n\u00e9ficier d\u2019un temps de transit favorable et d\u2019une solution de transport qualit\u00e9 \u00e0 l\u2019import et \u00e0 l\u2019export pour le Cameroun et les autres pays de la sous-r\u00e9gion (Tchad et R\u00e9publique Centrafricaine). Il va renforcer la comp\u00e9titivit\u00e9 du <strong>Port de Kribi<\/strong>(PAK) et accro\u00eetre les volumes par la relance des importations et des exportations \u00e0 partir de Kribi\u00a0<\/em>\u00bb peut-on lire sur un communiqu\u00e9 de la filiale camerounaise du groupe Bollor\u00e9.<\/p>\n<p class=\"has-background has-very-light-gray-background-color c2\"><strong><code>&gt;&gt;LIRE AUSSI-<\/code><\/strong> <a href=\"https:\/\/ecomatin.net\/port-de-kribi-investit-80-millions-de-f-cfa-dans-le-teletravail\/\"><strong>Port de Kribi investit 80 millions de F CFA dans le t\u00e9l\u00e9travail<\/strong><\/a><\/p>\n<p><strong>D\u00e9fis structurels<\/strong><\/p>\n<p>Avec l\u2019arriv\u00e9e de ce g\u00e9ant mondial, le <strong>PAK<\/strong> est plus que jamais lanc\u00e9 sur une trajectoire ascendante. Cependant le port fait encore face \u00e0 de nombreuses contraintes qui pourraient constituer un obstacle \u00e0 sa comp\u00e9titivit\u00e9. La premi\u00e8re est l\u2019absence d\u2019une zone logistique, notamment les entrep\u00f4ts dignes de ce nom pour stocker le flux de marchandises qui devrait conna\u00eetre une augmentation. La seconde est l\u2019insuffisance des voies d\u2019\u00e9vacuation des marchandises. Dans une interview accord\u00e9e \u00e0 Jeune Afrique au mois de novembre 2019, le Directeur g\u00e9n\u00e9ral de la place portuaire d\u00e9plorait d\u00e9j\u00e0 ce probl\u00e8me. \u00ab\u00a0<em>La desserte routi\u00e8re et ferroviaire est aujourd\u2019hui insuffisante. Aujourd\u2019hui, seule la route Kribi-Ed\u00e9a (proche de la c\u00f4te atlantique) dessert le port. Il nous manque un axe Est-Ouest vers l\u2019hinterland. La route <strong>Kribi-Ebolowa<\/strong> dont le gouvernement vient d\u2019annoncer la r\u00e9fection nous permettra d\u2019accueillir des marchandises provenant de la partie Sud du Cameroun et m\u00eame du Congo<\/em>\u00a0\u00bb affirmait <strong>Patrice Melom<\/strong>. Plus de 06 mois apr\u00e8s cette annonce du gouvernement, la r\u00e9habilitation de ce tron\u00e7on long de 180km n\u2019a jamais \u00e9t\u00e9 effectu\u00e9e.<\/p>\n<p class=\"has-background has-very-light-gray-background-color c2\"><strong><code>&gt;&gt;LIRE AUSSI-<\/code><a href=\"https:\/\/ecomatin.net\/cote-ouest-africaine-ces-atouts-qui-militent-en-faveur-du-port-de-kribi\/\">C\u00f4te Ouest-africaine : ces atouts qui militent en faveur du port de Kribi<\/a><\/strong><\/p>\n<div class=\"awac-wrapper awac widget posts-list-widget-13\">\n<h4 class=\"widget-title\">Recent Posts<\/h4>\n<\/div>\n<\/div>\n<\/div>\n<div readability=\"31.5\">\n<div class=\"container-wrapper subscribe-widget widget-inner-wrap subscribe-widget-content\" id=\"post-newsletter\" readability=\"33\">\n<h4>With Product You Purchase<\/h4>\n<h3>Subscribe to our mailing list to get the new updates!<\/h3>\n<p>Lorem ipsum dolor sit amet, consectetur.<\/p>\n<\/div>\n<\/div>\n<p>Auteur: EcoMatin<br \/>\n<a href=\"https:\/\/ecomatin.net\/le-no1-mondial-du-fret-maritime-sinstalle-au-port-de-kribi\/\">Cliquez ici pour lire l&rsquo;article depuis sa source.<\/a><\/p>\n","protected":false},"excerpt":{"rendered":"<p>Ce vendredi 08 mai, le terminal \u00e0 conteneurs du port de Kribi accueillait le navire \u00ab\u00a0Rhone Maersk\u00a0\u00bb de l\u2019armateur Danois Maersk. Une arriv\u00e9e qui marque le lancement officiel de la desserte de ce port par leader mondial du fret maritime. Une desserte qui se fera par partage des navires avec l\u2019armateur CMA-CGM. Le nouveau service [&hellip;]<\/p>\n","protected":false},"author":1969,"featured_media":85160,"comment_status":"closed","ping_status":"closed","sticky":false,"template":"","format":"standard","meta":{"fifu_image_url":"","fifu_image_alt":"","footnotes":""},"categories":[82,78],"tags":[],"class_list":["post-85159","post","type-post","status-publish","format-standard","has-post-thumbnail","hentry","category-cameroun","category-economie"],"_links":{"self":[{"href":"https:\/\/linitiative.ca\/International\/wp-json\/wp\/v2\/posts\/85159","targetHints":{"allow":["GET"]}}],"collection":[{"href":"https:\/\/linitiative.ca\/International\/wp-json\/wp\/v2\/posts"}],"about":[{"href":"https:\/\/linitiative.ca\/International\/wp-json\/wp\/v2\/types\/post"}],"author":[{"embeddable":true,"href":"https:\/\/linitiative.ca\/International\/wp-json\/wp\/v2\/users\/1969"}],"replies":[{"embeddable":true,"href":"https:\/\/linitiative.ca\/International\/wp-json\/wp\/v2\/comments?post=85159"}],"version-history":[{"count":0,"href":"https:\/\/linitiative.ca\/International\/wp-json\/wp\/v2\/posts\/85159\/revisions"}],"wp:featuredmedia":[{"embeddable":true,"href":"https:\/\/linitiative.ca\/International\/wp-json\/"}],"wp:attachment":[{"href":"https:\/\/linitiative.ca\/International\/wp-json\/wp\/v2\/media?parent=85159"}],"wp:term":[{"taxonomy":"category","embeddable":true,"href":"https:\/\/linitiative.ca\/International\/wp-json\/wp\/v2\/categories?post=85159"},{"taxonomy":"post_tag","embeddable":true,"href":"https:\/\/linitiative.ca\/International\/wp-json\/wp\/v2\/tags?post=85159"}],"curies":[{"name":"wp","href":"https:\/\/api.w.org\/{rel}","templated":true}]}}