{"id":85163,"date":"2020-05-12T09:42:01","date_gmt":"2020-05-12T13:42:01","guid":{"rendered":"https:\/\/linitiative.ca\/International\/les-ecoles-rouvriront-leurs-portes-en-septembre\/"},"modified":"2020-05-12T09:42:01","modified_gmt":"2020-05-12T13:42:01","slug":"les-ecoles-rouvriront-leurs-portes-en-septembre","status":"publish","type":"post","link":"https:\/\/linitiative.ca\/International\/les-ecoles-rouvriront-leurs-portes-en-septembre\/","title":{"rendered":"Les \u00e9coles rouvriront leurs portes en septembre"},"content":{"rendered":"<header>\n<\/header>\n<div class=\"entry-content clearfix\" readability=\"50\"><img decoding=\"async\" class=\"post_layout_5_img\" src=\"https:\/\/aujourdhui.ma\/wp-content\/uploads\/2020\/01\/Amzazi-parlement.jpg\" alt=\"Les &#xE9;coles rouvriront leurs portes en septembre\"\/><\/p>\n<p><span class=\"c7\"><strong>Les \u00e9l\u00e8ves ne retourneront en classe dans les \u00e9tablissements d\u2019enseignement qu\u2019en mois de septembre prochain, a annonc\u00e9, mardi, le ministre de l\u2019Education nationale, de la Formation professionnelle, de l\u2019Enseignement sup\u00e9rieur et de la Recherche scientifique, porte-parole du gouvernement, Saaid Amzazi.<\/strong><\/span><\/p>\n<p><span id=\"more-344761\"\/><br \/>Les \u00e9preuves du baccalaur\u00e9at seront maintenues, \u00e0 savoir l\u2019examen national de la deuxi\u00e8me ann\u00e9e du baccalaur\u00e9at qui sera organis\u00e9 en juillet et l\u2019examen r\u00e9gional de la premi\u00e8re ann\u00e9e du baccalaur\u00e9at, qui aura lieu en septembre, a affirm\u00e9 M. Amzazi lors de la s\u00e9ance hebdomadaire de la Chambre des conseillers.<\/p>\n<\/div>\n<p>Auteur: ALM<br \/>\n<a href=\"https:\/\/aujourdhui.ma\/actualite\/les-ecoles-rouvriront-leurs-portes-en-septembre\">Cliquez ici pour lire l&rsquo;article depuis sa source.<\/a><\/p>\n","protected":false},"excerpt":{"rendered":"<p>Les \u00e9l\u00e8ves ne retourneront en classe dans les \u00e9tablissements d\u2019enseignement qu\u2019en mois de septembre prochain, a annonc\u00e9, mardi, le ministre de l\u2019Education nationale, de la Formation professionnelle, de l\u2019Enseignement sup\u00e9rieur et de la Recherche scientifique, porte-parole du gouvernement, Saaid Amzazi. Les \u00e9preuves du baccalaur\u00e9at seront maintenues, \u00e0 savoir l\u2019examen national de la deuxi\u00e8me ann\u00e9e du [&hellip;]<\/p>\n","protected":false},"author":1759,"featured_media":85164,"comment_status":"closed","ping_status":"closed","sticky":false,"template":"","format":"standard","meta":{"fifu_image_url":"","fifu_image_alt":"","footnotes":""},"categories":[73,54],"tags":[],"class_list":["post-85163","post","type-post","status-publish","format-standard","has-post-thumbnail","hentry","category-actualite","category-maroc"],"_links":{"self":[{"href":"https:\/\/linitiative.ca\/International\/wp-json\/wp\/v2\/posts\/85163","targetHints":{"allow":["GET"]}}],"collection":[{"href":"https:\/\/linitiative.ca\/International\/wp-json\/wp\/v2\/posts"}],"about":[{"href":"https:\/\/linitiative.ca\/International\/wp-json\/wp\/v2\/types\/post"}],"author":[{"embeddable":true,"href":"https:\/\/linitiative.ca\/International\/wp-json\/wp\/v2\/users\/1759"}],"replies":[{"embeddable":true,"href":"https:\/\/linitiative.ca\/International\/wp-json\/wp\/v2\/comments?post=85163"}],"version-history":[{"count":0,"href":"https:\/\/linitiative.ca\/International\/wp-json\/wp\/v2\/posts\/85163\/revisions"}],"wp:featuredmedia":[{"embeddable":true,"href":"https:\/\/linitiative.ca\/International\/wp-json\/"}],"wp:attachment":[{"href":"https:\/\/linitiative.ca\/International\/wp-json\/wp\/v2\/media?parent=85163"}],"wp:term":[{"taxonomy":"category","embeddable":true,"href":"https:\/\/linitiative.ca\/International\/wp-json\/wp\/v2\/categories?post=85163"},{"taxonomy":"post_tag","embeddable":true,"href":"https:\/\/linitiative.ca\/International\/wp-json\/wp\/v2\/tags?post=85163"}],"curies":[{"name":"wp","href":"https:\/\/api.w.org\/{rel}","templated":true}]}}