{"id":85167,"date":"2020-05-12T10:00:29","date_gmt":"2020-05-12T14:00:29","guid":{"rendered":"https:\/\/linitiative.ca\/International\/solidarite-insaf-met-les-bouchees-doubles-pour-aider-les-populations-defavorisees\/"},"modified":"2020-05-12T10:00:29","modified_gmt":"2020-05-12T14:00:29","slug":"solidarite-insaf-met-les-bouchees-doubles-pour-aider-les-populations-defavorisees","status":"publish","type":"post","link":"https:\/\/linitiative.ca\/International\/solidarite-insaf-met-les-bouchees-doubles-pour-aider-les-populations-defavorisees\/","title":{"rendered":"Solidarit\u00e9 : Insaf met les bouch\u00e9es doubles pour aider  les populations d\u00e9favoris\u00e9es"},"content":{"rendered":"<p><img decoding=\"async\" class=\"post_layout_5_img\" src=\"https:\/\/aujourdhui.ma\/wp-content\/uploads\/2020\/05\/Solidarit\u00e9-Insaf-aider-les-populations-d\u00e9favoris\u00e9es-1.jpg\" alt=\"Solidarit&#xE9; : Insaf met les bouch&#xE9;es doubles pour aider les populations d&#xE9;favoris&#xE9;es\"\/><\/p>\n<p><span class=\"c7\"><strong>L\u2019Association a aussi organis\u00e9 une action en faveur des migrants subsahariens de Casablanca. Pour l\u2019heure, 4.000 d\u2019entre eux ont re\u00e7u chacun un colis. Ce dernier comprend un masque, de l\u2019eau de javel et des denr\u00e9es alimentaires.<\/strong><\/span><span id=\"more-344736\"\/><\/p>\n<p>Confinement, perte d\u2019emplois pour les journaliers, l\u2019Association Insaf poursuit ses efforts depuis le d\u00e9but de l\u2019\u00e9tat d\u2019urgence pour venir en aide aux populations les plus vuln\u00e9rables. Depuis le mois de mars, elle aura ainsi distribu\u00e9 quelque 110 tonnes de nourriture, sous forme de colis de 25 kg de denr\u00e9es alimentaires de premi\u00e8re n\u00e9cessit\u00e9.<\/p>\n<p>En plus des 500 colis envoy\u00e9s \u00e0 des familles en situation pr\u00e9caire \u00e0 Casablanca, elle en a achemin\u00e9 plus de 4.000 dans les villages les plus recul\u00e9s des provinces du Haouz et de Chichaoua.<\/p>\n<p>L\u2019ONG poursuit son action cette semaine en faveur des migrants vivant \u00e0 Casablanca et Rabat. Une occasion aussi de r\u00e9it\u00e9rer l\u2019appel aux dons.<\/p>\n<p><a href=\"https:\/\/aujourdhui.ma\/wp-content\/uploads\/2020\/05\/Solidarit\u00e9-Insaf-aider-les-populations-d\u00e9favoris\u00e9es-2.jpg\"><img loading=\"lazy\" decoding=\"async\" class=\" wp-image-344740 alignleft\" src=\"https:\/\/aujourdhui.ma\/wp-content\/uploads\/2020\/05\/Solidarit\u00e9-Insaf-aider-les-populations-d\u00e9favoris\u00e9es-2.jpg\" alt=\"\" width=\"246\" height=\"241\" srcset=\"https:\/\/aujourdhui.ma\/wp-content\/uploads\/2020\/05\/Solidarit&#xE9;-Insaf-aider-les-populations-d&#xE9;favoris&#xE9;es-2.jpg 323w, https:\/\/aujourdhui.ma\/wp-content\/uploads\/2020\/05\/Solidarit&#xE9;-Insaf-aider-les-populations-d&#xE9;favoris&#xE9;es-2-300x294.jpg 300w, https:\/\/aujourdhui.ma\/wp-content\/uploads\/2020\/05\/Solidarit&#xE9;-Insaf-aider-les-populations-d&#xE9;favoris&#xE9;es-2-36x36.jpg 36w\" sizes=\"auto, (max-width: 246px) 100vw, 246px\"\/><\/a>Plusieurs donateurs et b\u00e9n\u00e9voles ont r\u00e9pondu \u00e0 l\u2019appel. Les enjeux sont \u00e9normes. Les personnes vivant dans les r\u00e9gions enclav\u00e9es sont encore plus vuln\u00e9rables en pareilles circonstances. Meriem Othmani, pr\u00e9sidente de l\u2019association, fait bien de souligner qu\u2019\u00abils \u00e9taient si loin l\u00e0-haut dans les montagnes. Ils \u00e9taient si isol\u00e9s et pourtant ils ont gard\u00e9 leur dignit\u00e9 et, avec un sourire discret, ils ont accept\u00e9 ces colis de nourriture. Sachez qu\u2019au-del\u00e0 des mots, il y a eu beaucoup d\u2019\u00e9motion. Ce don remis avec respect est le reflet d\u2019une grande et profonde solidarit\u00e9\u00bb. La description est claire.<\/p>\n<p>L\u2019Association a aussi organis\u00e9 une action en faveur des migrants subsahariens de Casablanca. Pour l\u2019heure, 4.000 d\u2019entre eux ont re\u00e7u chacun un colis. Ce dernier comprend un masque, de l\u2019eau de javel et des denr\u00e9es alimentaires. Les 4.000 masques ont \u00e9t\u00e9 offerts par le patron de la soci\u00e9t\u00e9 Soft, M. Kabbaj. Les 4.000 litres de javel pour d\u00e9sinfecter les masques ont \u00e9t\u00e9 financ\u00e9s par le groupe Mutandis. 8.000 savons, 4.000 flyers de sensibilisation contre le Covid-19 et des denr\u00e9es alimentaires composent \u00e9galement les colis.<\/p>\n<p>La distribution a commenc\u00e9 lundi dernier et se poursuivra pendant 10 jours. Pour l\u2019heure, les membres de l\u2019association \u0153uvrent pour la confection de 4.500 nouveaux colis. Ils seront remis \u00e0 Monseigneur le Cardinal Archev\u00eaque de Rabat pour en faire b\u00e9n\u00e9ficier 8.500 migrants subsahariens en cette p\u00e9riode de coronavirus.<\/p>\n<p><a href=\"https:\/\/aujourdhui.ma\/wp-content\/uploads\/2020\/05\/Solidarit\u00e9-Insaf-aider-les-populations-d\u00e9favoris\u00e9es.jpg\"><img loading=\"lazy\" decoding=\"async\" class=\"size-full wp-image-344738 aligncenter\" src=\"https:\/\/aujourdhui.ma\/wp-content\/uploads\/2020\/05\/Solidarit\u00e9-Insaf-aider-les-populations-d\u00e9favoris\u00e9es.jpg\" alt=\"\" width=\"746\" height=\"380\" srcset=\"https:\/\/aujourdhui.ma\/wp-content\/uploads\/2020\/05\/Solidarit&#xE9;-Insaf-aider-les-populations-d&#xE9;favoris&#xE9;es.jpg 746w, https:\/\/aujourdhui.ma\/wp-content\/uploads\/2020\/05\/Solidarit&#xE9;-Insaf-aider-les-populations-d&#xE9;favoris&#xE9;es-300x153.jpg 300w, https:\/\/aujourdhui.ma\/wp-content\/uploads\/2020\/05\/Solidarit&#xE9;-Insaf-aider-les-populations-d&#xE9;favoris&#xE9;es-274x140.jpg 274w, https:\/\/aujourdhui.ma\/wp-content\/uploads\/2020\/05\/Solidarit&#xE9;-Insaf-aider-les-populations-d&#xE9;favoris&#xE9;es-165x84.jpg 165w, https:\/\/aujourdhui.ma\/wp-content\/uploads\/2020\/05\/Solidarit&#xE9;-Insaf-aider-les-populations-d&#xE9;favoris&#xE9;es-702x358.jpg 702w\" sizes=\"auto, (max-width: 746px) 100vw, 746px\"\/><\/a><\/p>\n<p>Auteur: Dounia Essabban<br \/>\n<a href=\"https:\/\/aujourdhui.ma\/societe\/solidarite-insaf-met-les-bouchees-doubles-pour-aider-les-populations-defavorisees\">Cliquez ici pour lire l&rsquo;article depuis sa source.<\/a><\/p>\n","protected":false},"excerpt":{"rendered":"<p>L\u2019Association a aussi organis\u00e9 une action en faveur des migrants subsahariens de Casablanca. Pour l\u2019heure, 4.000 d\u2019entre eux ont re\u00e7u chacun un colis. Ce dernier comprend un masque, de l\u2019eau de javel et des denr\u00e9es alimentaires. Confinement, perte d\u2019emplois pour les journaliers, l\u2019Association Insaf poursuit ses efforts depuis le d\u00e9but de l\u2019\u00e9tat d\u2019urgence pour venir [&hellip;]<\/p>\n","protected":false},"author":1759,"featured_media":85168,"comment_status":"closed","ping_status":"closed","sticky":false,"template":"","format":"standard","meta":{"fifu_image_url":"","fifu_image_alt":"","footnotes":""},"categories":[73,54],"tags":[],"class_list":["post-85167","post","type-post","status-publish","format-standard","has-post-thumbnail","hentry","category-actualite","category-maroc"],"_links":{"self":[{"href":"https:\/\/linitiative.ca\/International\/wp-json\/wp\/v2\/posts\/85167","targetHints":{"allow":["GET"]}}],"collection":[{"href":"https:\/\/linitiative.ca\/International\/wp-json\/wp\/v2\/posts"}],"about":[{"href":"https:\/\/linitiative.ca\/International\/wp-json\/wp\/v2\/types\/post"}],"author":[{"embeddable":true,"href":"https:\/\/linitiative.ca\/International\/wp-json\/wp\/v2\/users\/1759"}],"replies":[{"embeddable":true,"href":"https:\/\/linitiative.ca\/International\/wp-json\/wp\/v2\/comments?post=85167"}],"version-history":[{"count":0,"href":"https:\/\/linitiative.ca\/International\/wp-json\/wp\/v2\/posts\/85167\/revisions"}],"wp:featuredmedia":[{"embeddable":true,"href":"https:\/\/linitiative.ca\/International\/wp-json\/"}],"wp:attachment":[{"href":"https:\/\/linitiative.ca\/International\/wp-json\/wp\/v2\/media?parent=85167"}],"wp:term":[{"taxonomy":"category","embeddable":true,"href":"https:\/\/linitiative.ca\/International\/wp-json\/wp\/v2\/categories?post=85167"},{"taxonomy":"post_tag","embeddable":true,"href":"https:\/\/linitiative.ca\/International\/wp-json\/wp\/v2\/tags?post=85167"}],"curies":[{"name":"wp","href":"https:\/\/api.w.org\/{rel}","templated":true}]}}