{"id":85169,"date":"2020-05-12T11:00:33","date_gmt":"2020-05-12T15:00:33","guid":{"rendered":"https:\/\/linitiative.ca\/International\/fouad-tarab-et-hajar-abbas-chantent-ana-ibn-al-watan-de-samira-faraji\/"},"modified":"2020-05-12T11:00:33","modified_gmt":"2020-05-12T15:00:33","slug":"fouad-tarab-et-hajar-abbas-chantent-ana-ibn-al-watan-de-samira-faraji","status":"publish","type":"post","link":"https:\/\/linitiative.ca\/International\/fouad-tarab-et-hajar-abbas-chantent-ana-ibn-al-watan-de-samira-faraji\/","title":{"rendered":"Fouad Tarab et Hajar Abbas chantent \u00abAna Ibn Al Watan\u00bb de Samira Faraji"},"content":{"rendered":"<p><img decoding=\"async\" class=\"post_layout_5_img\" src=\"https:\/\/aujourdhui.ma\/wp-content\/uploads\/2020\/05\/Fouad-Tarab-et-Hajar-Abbas-chantent-Ana-Ibn-Al-Watan-de-Samira-Faraji.jpg\" alt=\"Fouad Tarab et Hajar Abbas chantent &#xAB;Ana Ibn Al Watan&#xBB; de Samira Faraji\"\/><\/p>\n<p><span class=\"c7\"><strong>Une po\u00e9tesse marocaine exalte les militants<\/strong> <strong>en temps de corona<\/strong><\/span><br \/><span id=\"more-344746\"\/><\/p>\n<p><span class=\"c8\">Ce single \u00e0 caract\u00e8re national, charg\u00e9 d\u2019\u00e9motions, exalte la pers\u00e9v\u00e9rance marocaine unifi\u00e9e dans un berceau de militantisme, symbole d\u2019\u00e9ternit\u00e9, et les qualit\u00e9s des Marocains.<\/span><\/p>\n<p>En reconnaissance aux efforts \u00e9normes des cadres m\u00e9dicaux, militaires, s\u00e9curitaires et autoritaires, qui sont les \u00absoldats\u00bb en premi\u00e8re ligne lors de ces temps de corona et qui sacrifient quotidiennement leur vie avec abn\u00e9gation pour la s\u00e9curit\u00e9 de notre \u00abch\u00e8re\u00bb patrie, deux artistes viennent de chanter le po\u00e8me \u00abAna Ibn Al Watan\u00bb (Je suis fils de la patrie). Con\u00e7ue par la po\u00e9tesse marocaine Samira Faraji, cette \u0153uvre est interpr\u00e9t\u00e9e par les artistes marocains Fouad Tarab et Hajar Abbas sur composition de l\u2019artiste Azzeddine Mountassir. Ce single \u00e0 caract\u00e8re national, charg\u00e9 d\u2019\u00e9motions, exalte la pers\u00e9v\u00e9rance marocaine unifi\u00e9e dans un berceau de militantisme, symbole d\u2019\u00e9ternit\u00e9, et les qualit\u00e9s des Marocains, qu\u2019ils soient amazighs, arabes ou sahraouis, connus pour leur alliance pour d\u00e9fendre la patrie.<\/p>\n<p>Outre cette \u0153uvre, la po\u00e9tesse a d\u00e9j\u00e0 collabor\u00e9 avec l\u2019artiste Fouad Tarab et le m\u00eame compositeur apr\u00e8s une premi\u00e8re exp\u00e9rience concr\u00e9tis\u00e9e avec le single \u00abLimada\u00bb (Pourquoi). En fait, la po\u00e9sie de Samira Faraji suscite l\u2019int\u00e9r\u00eat de plusieurs artistes dans le monde arabe pour sa force d\u2019expression et la beaut\u00e9 de ses figures ainsi que son rythme suave.<\/p>\n<p>D\u00e9j\u00e0 la chanteuse libanaise Ghada Choubir, \u00e0 la voix d\u2019op\u00e9ra, a interpr\u00e9t\u00e9 en 2017 le po\u00e8me \u00abWahdaka\u00bb (Toi seul) de la m\u00eame auteure marocaine. Une \u0153uvre interpr\u00e9t\u00e9e sur les sc\u00e8nes internationales. C\u2019\u00e9tait d\u2019ailleurs la premi\u00e8re fois qu\u2019une artiste arabe interpr\u00e8te un texte d\u2019une po\u00e9tesse marocaine. Et ce n\u2019est pas tout. La star tunisienne Lotfi Bouchnak a interpr\u00e9t\u00e9 et compos\u00e9 trois po\u00e8mes de Samira Faraji qui y exalte trois pays. Il s\u2019agit du Royaume \u00e0 travers \u00abMaghriboun la yaghroub\u00bb (Un Maroc dont le soleil ne se couche pas). L\u2019artiste a \u00e9galement chant\u00e9 pour le Liban selon les vers de \u00abWatanou Lhawa ma arwa\u00e2k\u00bb (Que tu es magnifique, patrie de la passion !). Un autre po\u00e8me consacr\u00e9 \u00e0 la r\u00e9volution soudanaise a \u00e9galement \u00e9t\u00e9 interpr\u00e9t\u00e9, en chanson, par l\u2019artiste tunisien dans le cadre d\u2019une collaboration continue entre lui et la po\u00e9tesse marocaine appel\u00e9e \u00abLa dame de la po\u00e9sie\u00bb. Elle compte d\u00e9j\u00e0 \u00e0 son actif quatre recueils. Son cinqui\u00e8me recueil \u00abNour\u00bb (Lumi\u00e8re) \u00e9tant cens\u00e9 comprendre d\u2019ailleurs \u00abMagriboun la yaghroub\u00bb.<\/p>\n<p>Pour rappel, Samira Faraji, d\u2019origine oujdie, est consid\u00e9r\u00e9e parmi les voix po\u00e9tiques classiques rares. A propos d\u2019elle, docteur Abbas El Jirari indique que c\u2019est une po\u00e9tesse \u00abunique\u00bb. A son sens, elle ma\u00eetrise le po\u00e8me classique du vingt-et-uni\u00e8me si\u00e8cle. Il l\u2019a d\u2019ailleurs qualifi\u00e9e de \u00abplan\u00e8te qui illumine notre firmament\u00bb. Chose qu\u2019elle d\u00e9montre par la qualit\u00e9 de ses po\u00e8mes qui ont tendance \u00e0 \u00eatre sollicit\u00e9s davantage par les artistes arabes.<br \/>Aussi, la s\u00e9lection de ces chanteurs se fait au moment o\u00f9 un certain nombre d\u2019artistes estime que les po\u00e8mes destin\u00e9s \u00e0 la chanson sont inexistants alors que les po\u00e8mes marocains foisonnent.<\/p>\n<p>Auteur: Salima Guisser<br \/>\n<a href=\"https:\/\/aujourdhui.ma\/culture\/musique\/fouad-tarab-et-hajar-abbas-chantent-ana-ibn-al-watan-de-samira-faraji\">Cliquez ici pour lire l&rsquo;article depuis sa source.<\/a><\/p>\n","protected":false},"excerpt":{"rendered":"<p>Une po\u00e9tesse marocaine exalte les militants en temps de corona Ce single \u00e0 caract\u00e8re national, charg\u00e9 d\u2019\u00e9motions, exalte la pers\u00e9v\u00e9rance marocaine unifi\u00e9e dans un berceau de militantisme, symbole d\u2019\u00e9ternit\u00e9, et les qualit\u00e9s des Marocains. En reconnaissance aux efforts \u00e9normes des cadres m\u00e9dicaux, militaires, s\u00e9curitaires et autoritaires, qui sont les \u00absoldats\u00bb en premi\u00e8re ligne lors de [&hellip;]<\/p>\n","protected":false},"author":1759,"featured_media":85170,"comment_status":"closed","ping_status":"closed","sticky":false,"template":"","format":"standard","meta":{"fifu_image_url":"","fifu_image_alt":"","footnotes":""},"categories":[73,54],"tags":[],"class_list":["post-85169","post","type-post","status-publish","format-standard","has-post-thumbnail","hentry","category-actualite","category-maroc"],"_links":{"self":[{"href":"https:\/\/linitiative.ca\/International\/wp-json\/wp\/v2\/posts\/85169","targetHints":{"allow":["GET"]}}],"collection":[{"href":"https:\/\/linitiative.ca\/International\/wp-json\/wp\/v2\/posts"}],"about":[{"href":"https:\/\/linitiative.ca\/International\/wp-json\/wp\/v2\/types\/post"}],"author":[{"embeddable":true,"href":"https:\/\/linitiative.ca\/International\/wp-json\/wp\/v2\/users\/1759"}],"replies":[{"embeddable":true,"href":"https:\/\/linitiative.ca\/International\/wp-json\/wp\/v2\/comments?post=85169"}],"version-history":[{"count":0,"href":"https:\/\/linitiative.ca\/International\/wp-json\/wp\/v2\/posts\/85169\/revisions"}],"wp:featuredmedia":[{"embeddable":true,"href":"https:\/\/linitiative.ca\/International\/wp-json\/"}],"wp:attachment":[{"href":"https:\/\/linitiative.ca\/International\/wp-json\/wp\/v2\/media?parent=85169"}],"wp:term":[{"taxonomy":"category","embeddable":true,"href":"https:\/\/linitiative.ca\/International\/wp-json\/wp\/v2\/categories?post=85169"},{"taxonomy":"post_tag","embeddable":true,"href":"https:\/\/linitiative.ca\/International\/wp-json\/wp\/v2\/tags?post=85169"}],"curies":[{"name":"wp","href":"https:\/\/api.w.org\/{rel}","templated":true}]}}