{"id":85186,"date":"2020-05-12T07:40:00","date_gmt":"2020-05-12T11:40:00","guid":{"rendered":"https:\/\/linitiative.ca\/International\/le-confinement-prolonge-de-15-jours-supplementaires\/"},"modified":"2020-05-12T07:40:00","modified_gmt":"2020-05-12T11:40:00","slug":"le-confinement-prolonge-de-15-jours-supplementaires","status":"publish","type":"post","link":"https:\/\/linitiative.ca\/International\/le-confinement-prolonge-de-15-jours-supplementaires\/","title":{"rendered":"Le confinement prolong\u00e9 de 15 jours suppl\u00e9mentaires"},"content":{"rendered":"<div id=\"originalText\" readability=\"47\">\n<p>Le Premier ministre, Abdelaziz Djerad a annonc\u00e9, mardi \u00e0 Oran, la prolongation du confinement sanitaire de 15 jours suppl\u00e9mentaires, dans le cadre de la lutte contre la propagation du Covid-19.<\/p>\n<p>M.Djerad a indiqu\u00e9, lors de son intervention sur les ondes de Radio Oran r\u00e9gionale, dans le cadre de sa visite dans la wilaya, qu\u2019apr\u00e8s consultation du pr\u00e9sident de la R\u00e9publique, Abdelmadjid Tebboune, le Gouvernement a d\u00e9cid\u00e9 de prolonger le confinement sanitaire pour une dur\u00e9e suppl\u00e9mentaire de 15 jours \u00e0 compter du 15 mai en cours.<\/p>\n<p class=\"c6\"><strong>APS<\/strong><\/p>\n<\/div>\n<div id=\"text_core\" readability=\"47\">\n<p>Le Premier ministre, Abdelaziz Djerad a annonc\u00e9, mardi \u00e0 Oran, la prolongation du confinement sanitaire de 15 jours suppl\u00e9mentaires, dans le cadre de la lutte contre la propagation du Covid-19.<\/p>\n<p>M.Djerad a indiqu\u00e9, lors de son intervention sur les ondes de Radio Oran r\u00e9gionale, dans le cadre de sa visite dans la wilaya, qu\u2019apr\u00e8s consultation du pr\u00e9sident de la R\u00e9publique, Abdelmadjid Tebboune, le Gouvernement a d\u00e9cid\u00e9 de prolonger le confinement sanitaire pour une dur\u00e9e suppl\u00e9mentaire de 15 jours \u00e0 compter du 15 mai en cours.<\/p>\n<p class=\"c6\"><strong>APS<\/strong><\/p>\n<\/div>\n<p>Auteur:<br \/>\n<a href=\"https:\/\/www.liberte-algerie.com\/actualite\/le-confinement-prolonge-de-15-jours-supplementaires-338567\">Cliquez ici pour lire l&rsquo;article depuis sa source.<\/a><\/p>\n","protected":false},"excerpt":{"rendered":"<p>Le Premier ministre, Abdelaziz Djerad a annonc\u00e9, mardi \u00e0 Oran, la prolongation du confinement sanitaire de 15 jours suppl\u00e9mentaires, dans le cadre de la lutte contre la propagation du Covid-19. M.Djerad a indiqu\u00e9, lors de son intervention sur les ondes de Radio Oran r\u00e9gionale, dans le cadre de sa visite dans la wilaya, qu\u2019apr\u00e8s consultation [&hellip;]<\/p>\n","protected":false},"author":1742,"featured_media":0,"comment_status":"closed","ping_status":"closed","sticky":false,"template":"","format":"standard","meta":{"fifu_image_url":"","fifu_image_alt":"","footnotes":""},"categories":[73,53],"tags":[],"class_list":["post-85186","post","type-post","status-publish","format-standard","hentry","category-actualite","category-algerie"],"_links":{"self":[{"href":"https:\/\/linitiative.ca\/International\/wp-json\/wp\/v2\/posts\/85186","targetHints":{"allow":["GET"]}}],"collection":[{"href":"https:\/\/linitiative.ca\/International\/wp-json\/wp\/v2\/posts"}],"about":[{"href":"https:\/\/linitiative.ca\/International\/wp-json\/wp\/v2\/types\/post"}],"author":[{"embeddable":true,"href":"https:\/\/linitiative.ca\/International\/wp-json\/wp\/v2\/users\/1742"}],"replies":[{"embeddable":true,"href":"https:\/\/linitiative.ca\/International\/wp-json\/wp\/v2\/comments?post=85186"}],"version-history":[{"count":0,"href":"https:\/\/linitiative.ca\/International\/wp-json\/wp\/v2\/posts\/85186\/revisions"}],"wp:attachment":[{"href":"https:\/\/linitiative.ca\/International\/wp-json\/wp\/v2\/media?parent=85186"}],"wp:term":[{"taxonomy":"category","embeddable":true,"href":"https:\/\/linitiative.ca\/International\/wp-json\/wp\/v2\/categories?post=85186"},{"taxonomy":"post_tag","embeddable":true,"href":"https:\/\/linitiative.ca\/International\/wp-json\/wp\/v2\/tags?post=85186"}],"curies":[{"name":"wp","href":"https:\/\/api.w.org\/{rel}","templated":true}]}}