{"id":85188,"date":"2020-05-12T10:24:00","date_gmt":"2020-05-12T14:24:00","guid":{"rendered":"https:\/\/linitiative.ca\/International\/7-millions-de-masques-de-protection-seront-distribues-par-semaine\/"},"modified":"2020-05-12T10:24:00","modified_gmt":"2020-05-12T14:24:00","slug":"7-millions-de-masques-de-protection-seront-distribues-par-semaine","status":"publish","type":"post","link":"https:\/\/linitiative.ca\/International\/7-millions-de-masques-de-protection-seront-distribues-par-semaine\/","title":{"rendered":"7 millions de masques de protection seront distribu\u00e9s par semaine"},"content":{"rendered":"<div id=\"originalText\" readability=\"58\">\n<p>Le Premier ministre, Abdelaziz Djerad, a annonc\u00e9 mardi \u00e0 Oran, la fourniture de 7 millions de masques de protection par semaine afin de permettre aux citoyens de se pr\u00e9munir contre le coronavirus.<\/p>\n<p>\u00ab\u00a0L\u2019Etat va fournir 7 millions de masques de protection par semaine\u00a0\u00bb, a d\u00e9clar\u00e9 M. Djerad au niveau du Centre hospitalo-universitaire \u00ab\u00a0Dr Benzerdjeb\u00a0\u00bb, dans le cadre d\u2019une visite de travail qu\u2019il effectue dans la wilaya d\u2019Oran, soulignant que \u00ab\u00a0ce moyen permet de se pr\u00e9munir contre toute infection \u00e9ventuelle du coronavirus\u00a0\u00bb.<\/p>\n<p>Le Premier ministre a exhort\u00e9, \u00e0 l\u2019occasion, l\u2019ensemble des citoyens \u00e0 poursuivre le port du masque de protection jusqu\u2019\u00e0 la fin de cette crise sanitaire, pour \u00ab\u00a0vaincre\u00a0\u00bb le coronavirus.<\/p>\n<p>Abdelaziz Djerad estime, \u00e0 ce sujet, que \u00ab\u00a0c&rsquo;est une affaire de responsabilit\u00e9 individuelle et collective\u00a0\u00bb et qu&rsquo;il appartenait \u00e0 l\u2019ensemble des citoyens de respecter les mesures pr\u00e9ventives pour se prot\u00e9ger et prot\u00e9ger leurs familles, saluant les \u00e9quipes m\u00e9dicales qui assurent avec d\u00e9vouement leur mission et devoir professionnel.<\/p>\n<p class=\"c6\"><strong>APS<\/strong><\/p>\n<\/div>\n<div id=\"text_core\" readability=\"58\">\n<p>Le Premier ministre, Abdelaziz Djerad, a annonc\u00e9 mardi \u00e0 Oran, la fourniture de 7 millions de masques de protection par semaine afin de permettre aux citoyens de se pr\u00e9munir contre le coronavirus.<\/p>\n<p>\u00ab\u00a0L\u2019Etat va fournir 7 millions de masques de protection par semaine\u00a0\u00bb, a d\u00e9clar\u00e9 M. Djerad au niveau du Centre hospitalo-universitaire \u00ab\u00a0Dr Benzerdjeb\u00a0\u00bb, dans le cadre d\u2019une visite de travail qu\u2019il effectue dans la wilaya d\u2019Oran, soulignant que \u00ab\u00a0ce moyen permet de se pr\u00e9munir contre toute infection \u00e9ventuelle du coronavirus\u00a0\u00bb.<\/p>\n<p>Le Premier ministre a exhort\u00e9, \u00e0 l\u2019occasion, l\u2019ensemble des citoyens \u00e0 poursuivre le port du masque de protection jusqu\u2019\u00e0 la fin de cette crise sanitaire, pour \u00ab\u00a0vaincre\u00a0\u00bb le coronavirus.<\/p>\n<p>Abdelaziz Djerad estime, \u00e0 ce sujet, que \u00ab\u00a0c&rsquo;est une affaire de responsabilit\u00e9 individuelle et collective\u00a0\u00bb et qu&rsquo;il appartenait \u00e0 l\u2019ensemble des citoyens de respecter les mesures pr\u00e9ventives pour se prot\u00e9ger et prot\u00e9ger leurs familles, saluant les \u00e9quipes m\u00e9dicales qui assurent avec d\u00e9vouement leur mission et devoir professionnel.<\/p>\n<p class=\"c6\"><strong>APS<\/strong><\/p>\n<\/div>\n<p>Auteur:<br \/>\n<a href=\"https:\/\/www.liberte-algerie.com\/actualite\/7-millions-de-masques-de-protection-seront-distribues-par-semaine-338569\">Cliquez ici pour lire l&rsquo;article depuis sa source.<\/a><\/p>\n","protected":false},"excerpt":{"rendered":"<p>Le Premier ministre, Abdelaziz Djerad, a annonc\u00e9 mardi \u00e0 Oran, la fourniture de 7 millions de masques de protection par semaine afin de permettre aux citoyens de se pr\u00e9munir contre le coronavirus. \u00ab\u00a0L\u2019Etat va fournir 7 millions de masques de protection par semaine\u00a0\u00bb, a d\u00e9clar\u00e9 M. Djerad au niveau du Centre hospitalo-universitaire \u00ab\u00a0Dr Benzerdjeb\u00a0\u00bb, dans [&hellip;]<\/p>\n","protected":false},"author":1742,"featured_media":0,"comment_status":"closed","ping_status":"closed","sticky":false,"template":"","format":"standard","meta":{"fifu_image_url":"","fifu_image_alt":"","footnotes":""},"categories":[73,53],"tags":[],"class_list":["post-85188","post","type-post","status-publish","format-standard","hentry","category-actualite","category-algerie"],"_links":{"self":[{"href":"https:\/\/linitiative.ca\/International\/wp-json\/wp\/v2\/posts\/85188","targetHints":{"allow":["GET"]}}],"collection":[{"href":"https:\/\/linitiative.ca\/International\/wp-json\/wp\/v2\/posts"}],"about":[{"href":"https:\/\/linitiative.ca\/International\/wp-json\/wp\/v2\/types\/post"}],"author":[{"embeddable":true,"href":"https:\/\/linitiative.ca\/International\/wp-json\/wp\/v2\/users\/1742"}],"replies":[{"embeddable":true,"href":"https:\/\/linitiative.ca\/International\/wp-json\/wp\/v2\/comments?post=85188"}],"version-history":[{"count":0,"href":"https:\/\/linitiative.ca\/International\/wp-json\/wp\/v2\/posts\/85188\/revisions"}],"wp:attachment":[{"href":"https:\/\/linitiative.ca\/International\/wp-json\/wp\/v2\/media?parent=85188"}],"wp:term":[{"taxonomy":"category","embeddable":true,"href":"https:\/\/linitiative.ca\/International\/wp-json\/wp\/v2\/categories?post=85188"},{"taxonomy":"post_tag","embeddable":true,"href":"https:\/\/linitiative.ca\/International\/wp-json\/wp\/v2\/tags?post=85188"}],"curies":[{"name":"wp","href":"https:\/\/api.w.org\/{rel}","templated":true}]}}