{"id":85192,"date":"2020-05-12T14:17:38","date_gmt":"2020-05-12T18:17:38","guid":{"rendered":"https:\/\/linitiative.ca\/International\/covid-19-28-nouvelles-remissions-a-marrakech-safi-drs\/"},"modified":"2020-05-12T14:17:38","modified_gmt":"2020-05-12T18:17:38","slug":"covid-19-28-nouvelles-remissions-a-marrakech-safi-drs","status":"publish","type":"post","link":"https:\/\/linitiative.ca\/International\/covid-19-28-nouvelles-remissions-a-marrakech-safi-drs\/","title":{"rendered":"Covid-19 : 28 nouvelles r\u00e9missions \u00e0 Marrakech-Safi (DRS)"},"content":{"rendered":"<div readability=\"35\">\n<p>Marrakech \u2013 Un total de 28 nouvelles r\u00e9missions du Covid-19 ont \u00e9t\u00e9 enregistr\u00e9es au niveau de la r\u00e9gion de Marrakech-Safi, portant \u00e0 836 le nombre des personnes d\u00e9clar\u00e9es totalement gu\u00e9ries dans la r\u00e9gion jusqu\u2019\u00e0 mardi \u00e0 10H00.<\/p>\n<\/div>\n<div readability=\"75\">\n<p>Un nouveau bilan de la Direction R\u00e9gionale de la Sant\u00e9 (DRS) fait \u00e9tat de 25 nouvelles gu\u00e9risons dans la pr\u00e9fecture de Marrakech et de trois dans la province de Rehamna.<\/p>\n<p>Ainsi, les cas gu\u00e9ris \u00e0 l\u2019\u00e9chelle de la r\u00e9gion depuis le d\u00e9clenchement de la pand\u00e9mie sont r\u00e9partis entre la pr\u00e9fecture de Marrakech (572) et les provinces de Rehamna (208), d\u2019Al-Haouz (31), de Chichaoua (19), d\u2019El Kel\u00e2a des Sraghna (04), d\u2019Essaouira (01) et de Safi (01), pr\u00e9cise la DRS, notant que le taux de gu\u00e9rison a atteint 69%.<\/p>\n<p>D\u2019autre part, la m\u00eame source rel\u00e8ve que 6 nouveaux cas d\u2019infection au Covid-19 ont \u00e9t\u00e9 confirm\u00e9s au niveau de la r\u00e9gion, portant \u00e0 1.212 le nombre total des contaminations enregistr\u00e9es dans la r\u00e9gion jusqu\u2019\u00e0 mardi \u00e0 10H00, dont 326 patients sous traitement.<\/p>\n<p>Ces cas hospitalis\u00e9s sont r\u00e9partis entre la pr\u00e9fecture de Marrakech (280) et les provinces de Rehamna (23), d\u2019Al Haouz (15), de Chichaoua (4), d\u2019Essaouira (3) et de Safi (1).<\/p>\n<p>Quant au nombre des cas exclus apr\u00e8s des r\u00e9sultats n\u00e9gatifs d\u2019analyses effectu\u00e9es au laboratoire, il a atteint 6.384, tandis que celui des d\u00e9c\u00e8s s\u2019\u00e9l\u00e8ve \u00e0 50, fait savoir la Direction R\u00e9gionale de la Sant\u00e9.<\/p>\n<p>Au niveau national, 99 nouveaux cas d\u2019infection au nouveau coronavirus ont \u00e9t\u00e9 confirm\u00e9s jusqu\u2019\u00e0 mardi \u00e0 10H00, portant \u00e0 6.380 le nombre total des cas de contamination.<\/p>\n<p>Le nombre de cas gu\u00e9ris s\u2019\u00e9l\u00e8ve \u00e0 2.930 avec 119 nouvelles gu\u00e9risons, alors que le nombre de d\u00e9c\u00e8s stagne \u00e0 188 cas, selon les chiffres du minist\u00e8re de la Sant\u00e9.<\/p>\n<\/div>\n<p>Auteur: Meriem IGASS<br \/>\n<a href=\"http:\/\/www.mapmarrakech.ma\/fr\/covid-19-28-nouvelles-remissions-a-marrakech-safi-drs-2\/\">Cliquez ici pour lire l&rsquo;article depuis sa source.<\/a><\/p>\n","protected":false},"excerpt":{"rendered":"<p>Marrakech \u2013 Un total de 28 nouvelles r\u00e9missions du Covid-19 ont \u00e9t\u00e9 enregistr\u00e9es au niveau de la r\u00e9gion de Marrakech-Safi, portant \u00e0 836 le nombre des personnes d\u00e9clar\u00e9es totalement gu\u00e9ries dans la r\u00e9gion jusqu\u2019\u00e0 mardi \u00e0 10H00. Un nouveau bilan de la Direction R\u00e9gionale de la Sant\u00e9 (DRS) fait \u00e9tat de 25 nouvelles gu\u00e9risons dans [&hellip;]<\/p>\n","protected":false},"author":1788,"featured_media":0,"comment_status":"closed","ping_status":"closed","sticky":false,"template":"","format":"standard","meta":{"fifu_image_url":"","fifu_image_alt":"","footnotes":""},"categories":[54,76],"tags":[],"class_list":["post-85192","post","type-post","status-publish","format-standard","hentry","category-maroc","category-regions"],"_links":{"self":[{"href":"https:\/\/linitiative.ca\/International\/wp-json\/wp\/v2\/posts\/85192","targetHints":{"allow":["GET"]}}],"collection":[{"href":"https:\/\/linitiative.ca\/International\/wp-json\/wp\/v2\/posts"}],"about":[{"href":"https:\/\/linitiative.ca\/International\/wp-json\/wp\/v2\/types\/post"}],"author":[{"embeddable":true,"href":"https:\/\/linitiative.ca\/International\/wp-json\/wp\/v2\/users\/1788"}],"replies":[{"embeddable":true,"href":"https:\/\/linitiative.ca\/International\/wp-json\/wp\/v2\/comments?post=85192"}],"version-history":[{"count":0,"href":"https:\/\/linitiative.ca\/International\/wp-json\/wp\/v2\/posts\/85192\/revisions"}],"wp:attachment":[{"href":"https:\/\/linitiative.ca\/International\/wp-json\/wp\/v2\/media?parent=85192"}],"wp:term":[{"taxonomy":"category","embeddable":true,"href":"https:\/\/linitiative.ca\/International\/wp-json\/wp\/v2\/categories?post=85192"},{"taxonomy":"post_tag","embeddable":true,"href":"https:\/\/linitiative.ca\/International\/wp-json\/wp\/v2\/tags?post=85192"}],"curies":[{"name":"wp","href":"https:\/\/api.w.org\/{rel}","templated":true}]}}