{"id":85193,"date":"2020-05-12T04:23:02","date_gmt":"2020-05-12T08:23:02","guid":{"rendered":"https:\/\/linitiative.ca\/International\/le-premier-ministre-entame-une-visite-de-travail-a-oran\/"},"modified":"2020-05-12T04:23:02","modified_gmt":"2020-05-12T08:23:02","slug":"le-premier-ministre-entame-une-visite-de-travail-a-oran","status":"publish","type":"post","link":"https:\/\/linitiative.ca\/International\/le-premier-ministre-entame-une-visite-de-travail-a-oran\/","title":{"rendered":"Le Premier ministre entame une visite de travail \u00e0 Oran"},"content":{"rendered":"<div readability=\"37\">\n<p><strong>ORAN \u2013 Le Premier ministre, Abdelaziz Djerrad, a entam\u00e9 mardi, une visite de travail dans la wilaya d&rsquo;Oran, accompagn\u00e9 d&rsquo;un nombre de ministres.<\/strong><\/p>\n<\/div>\n<div readability=\"82\">\n<p>Au cours de sa visite \u00e0 l\u2019Etablissement Hospitalo-universitaire (EHU) \u00ab 1er novembre 1954 \u00bb d\u2019Oran, M. Djerrad a suivi un expos\u00e9 sur la situation \u00e9pid\u00e9mique du Covid-19 \u00e0 Oran ainsi les mesures pr\u00e9ventives prises contre sa propagation et les conditions de la prise en charge des cas confirm\u00e9s.<\/p>\n<blockquote readability=\"6\">\n<p><em><strong>Le Premier ministre devrait visiter quelques services de cet h\u00f4pital et rencontrer \u00e0 l&rsquo;occasion quelques personnels m\u00e9dicaux.<\/strong><\/em><\/p>\n<\/blockquote>\n<p>D\u00e9sign\u00e9 comme centre de la prise en charge des cas de Covid-19, l&rsquo;EHU \u00ab\u00a01er novembre\u00a0\u00bb d&rsquo;Oran a consacr\u00e9 plus de 300 lits pour l\u2019Hospitalisation des personnes test\u00e9es positives.<\/p>\n<p>Le service de r\u00e9animation dispose actuellement de 14 lits, un chiffre extensible, pouvant atteindre jusqu\u2019\u00e0 70 lits, selon les responsable de l\u2019\u00e9tablissement.<\/p>\n<p>Aussi, l\u2019\u00e9tablissement a mis en place un circuit isolant pour les cas de coronavirus, de l\u2019accueil jusqu\u2019au confinement, de mani\u00e8re \u00e0 \u00e9viter tout contact direct ou indirect avec les malades d\u2019autres pathologies\u00a0\u00bb.<\/p>\n<p>La cr\u00e8che de l\u2019\u00e9tablissement, situ\u00e9e \u00e0 une certaine distance du restant des b\u00e2timents de l\u2019h\u00f4pital, a \u00e9t\u00e9 transform\u00e9e en espace de confinement pour accueillir les cas suspect\u00e9s de porter le virus.<\/p>\n<blockquote readability=\"14\">\n<p><em><strong>L\u2019EHU a, \u00e9galement, mis en place un dispositif pour la prise en charge des femmes enceintes atteintes du Covid-19, une aile leur a \u00e9t\u00e9 r\u00e9serv\u00e9e compos\u00e9e de 5 chambres d\u2019hospitalisation, une salle op\u00e9ratoire, une salle d\u2019accouchement, ainsi qu\u2019une unit\u00e9 de consultation sp\u00e9ciale du covid19.<\/strong><\/em><\/p>\n<\/blockquote>\n<p>Outre ces dispositifs, un laboratoire de Diagnostic Covid 19 a \u00e9t\u00e9 ouvert au sein de l\u2019\u00e9tablissement, cette structure pouvant effectuer deux tests en une heure.<\/p>\n<p>A noter que l&rsquo;\u00e9tablissement hospitalo-universitaire \u00ab\u00a01er novembre 1954\u00a0\u00bb d&rsquo;Oran a enregistr\u00e9, depuis le d\u00e9but de la pand\u00e9mie, la sortie de 74 patients, atteints de Covid 19, apr\u00e8s confirmation de leur r\u00e9tablissement total suite \u00e0 leur traitement par le protocole \u00ab\u00a0d&rsquo;hydrox chloroquine\u00a0\u00bb, valid\u00e9 par le minist\u00e8re de la Sant\u00e9, de la Population et de la R\u00e9forme hospitali\u00e8re.<\/p>\n<\/div>\n<p>Auteur:<br \/>\n<a href=\"http:\/\/www.aps.dz\/regions\/104953-le-premier-ministre-entame-une-visite-de-travail-a-oran\">Cliquez ici pour lire l&rsquo;article depuis sa source.<\/a><\/p>\n","protected":false},"excerpt":{"rendered":"<p>ORAN \u2013 Le Premier ministre, Abdelaziz Djerrad, a entam\u00e9 mardi, une visite de travail dans la wilaya d&rsquo;Oran, accompagn\u00e9 d&rsquo;un nombre de ministres. Au cours de sa visite \u00e0 l\u2019Etablissement Hospitalo-universitaire (EHU) \u00ab 1er novembre 1954 \u00bb d\u2019Oran, M. Djerrad a suivi un expos\u00e9 sur la situation \u00e9pid\u00e9mique du Covid-19 \u00e0 Oran ainsi les mesures [&hellip;]<\/p>\n","protected":false},"author":1790,"featured_media":0,"comment_status":"closed","ping_status":"closed","sticky":false,"template":"","format":"standard","meta":{"fifu_image_url":"","fifu_image_alt":"","footnotes":""},"categories":[53,76],"tags":[],"class_list":["post-85193","post","type-post","status-publish","format-standard","hentry","category-algerie","category-regions"],"_links":{"self":[{"href":"https:\/\/linitiative.ca\/International\/wp-json\/wp\/v2\/posts\/85193","targetHints":{"allow":["GET"]}}],"collection":[{"href":"https:\/\/linitiative.ca\/International\/wp-json\/wp\/v2\/posts"}],"about":[{"href":"https:\/\/linitiative.ca\/International\/wp-json\/wp\/v2\/types\/post"}],"author":[{"embeddable":true,"href":"https:\/\/linitiative.ca\/International\/wp-json\/wp\/v2\/users\/1790"}],"replies":[{"embeddable":true,"href":"https:\/\/linitiative.ca\/International\/wp-json\/wp\/v2\/comments?post=85193"}],"version-history":[{"count":0,"href":"https:\/\/linitiative.ca\/International\/wp-json\/wp\/v2\/posts\/85193\/revisions"}],"wp:attachment":[{"href":"https:\/\/linitiative.ca\/International\/wp-json\/wp\/v2\/media?parent=85193"}],"wp:term":[{"taxonomy":"category","embeddable":true,"href":"https:\/\/linitiative.ca\/International\/wp-json\/wp\/v2\/categories?post=85193"},{"taxonomy":"post_tag","embeddable":true,"href":"https:\/\/linitiative.ca\/International\/wp-json\/wp\/v2\/tags?post=85193"}],"curies":[{"name":"wp","href":"https:\/\/api.w.org\/{rel}","templated":true}]}}