{"id":85194,"date":"2020-05-12T08:45:26","date_gmt":"2020-05-12T12:45:26","guid":{"rendered":"https:\/\/linitiative.ca\/International\/ouargla-plus-de-100-repas-chauds-distribues-quotidiennement-aux-usagers-de-la-route\/"},"modified":"2020-05-12T08:45:26","modified_gmt":"2020-05-12T12:45:26","slug":"ouargla-plus-de-100-repas-chauds-distribues-quotidiennement-aux-usagers-de-la-route","status":"publish","type":"post","link":"https:\/\/linitiative.ca\/International\/ouargla-plus-de-100-repas-chauds-distribues-quotidiennement-aux-usagers-de-la-route\/","title":{"rendered":"Ouargla: plus de 100 repas chauds distribu\u00e9s quotidiennement aux usagers de la route"},"content":{"rendered":"<div readability=\"37\">\n<p><strong>OUARGLA &#8211; Plus de 100 repas chauds \u00e0 emporter sont distribu\u00e9s quotidiennement, au moment de la rupture du je\u00fbne, aux usagers de la route \u00e0 Ouargla, a-t-on appris mardi aupr\u00e8s des organisateurs de cette action caritative.<\/strong><\/p>\n<\/div>\n<div readability=\"78.592356687898\">\n<p>La strat\u00e9gie adopt\u00e9e cette ann\u00e9e, notamment suite \u00e0 la fermeture des restaurants \u00ab\u00a0Rahma\u00a0\u00bb en raison de la pand\u00e9mie de Covid-19, consiste \u00e0 distribuer des repas complets, compos\u00e9s notamment de lait et de dattes, d&rsquo;une soupe, d&rsquo;un plat principal et d&rsquo;un dessert, au profit des usagers de la route au niveau des principaux axes routiers, tels que l&rsquo;intersection Ouargla, Hassi-Messaoud et Touggourt et au niveau de la RN-49 \u00e0 la sortie d&rsquo;Ouargla en allant vers la wilaya de Gharda\u00efa, a affirm\u00e9 la charg\u00e9e de communication au comit\u00e9 local du Croissant-Rouge alg\u00e9rien.<\/p>\n<p>Organis\u00e9e conjointement par le Croissant rouge alg\u00e9rien (CRA) et la direction de l&rsquo;Action sociale et de la Solidarit\u00e9 (DASS) de la wilaya d&rsquo;Ouargla, en collaboration avec d&rsquo;autres secteurs, tels que le Tourisme et l&rsquo;Artisanat ainsi que la Formation et l&rsquo;Enseignement professionnels, l&rsquo;initiative a \u00e9t\u00e9 lanc\u00e9e le 10 mai dernier et se poursuivra tout au long du mois sacr\u00e9, a indiqu\u00e9 Djema\u00e2 Mrabet.<\/p>\n<p>Comme de coutume, le CRA se mobilise \u00e0 l&rsquo;occasion du Ramadhan afin de venir en aide aussi aux familles n\u00e9cessiteuses, en leur offrant des colis alimentaires, a-t-elle ajout\u00e9.<\/p>\n<hr\/>\n<h3>Lire aussi:\u00a0<a href=\"http:\/\/www.aps.dz\/regions\/104826-ouargla-les-traditions-ramadhanesques-contrariees-par-le-confinement\" target=\"_blank\" rel=\"noopener noreferrer\">Ouargla: les traditions ramadhanesques contrari\u00e9es par le confinement<\/a><\/h3>\n<hr\/>\n<p>Depuis le d\u00e9but de la crise sanitaire, co\u00efncidant avec le mois du Ramadhan, les services de la wilaya ont distribu\u00e9 des aides alimentaires aux familles habitant dans les zones d&rsquo;ombre.<\/p>\n<p>Initi\u00e9e en coordination avec plusieurs donateurs, l&rsquo;op\u00e9ration a pour objectif de prendre en charge les cat\u00e9gories vuln\u00e9rables et les familles d\u00e9munies dans les zones d&rsquo;ombre et celles ayant besoin d&rsquo;accompagnement en cette p\u00e9riode de confinement pr\u00e9ventif, a pr\u00e9cis\u00e9 le directeur de la DASS, Abdellatif Beggas.<\/p>\n<blockquote readability=\"9\">\n<p><em><strong>L&rsquo;op\u00e9ration intervient en application des instructions des hautes autorit\u00e9s du pays visant \u00e0 mettre en place un dispositif permettant de prendre en charge les citoyens en vue d&rsquo;att\u00e9nuer les r\u00e9percussions socio-\u00e9conomiques des mesures de confinement instaur\u00e9es dans le pays pour endiguer la propagation du nouveau Coronavirus, a-t-il soulign\u00e9.<\/strong><\/em><\/p>\n<\/blockquote>\n<p>Selon M. Beggas, cette p\u00e9riode a \u00e9t\u00e9 marqu\u00e9e \u00e9galement par une op\u00e9ration de regroupement et l&rsquo;acheminement des personnes sans-abri vers un centre d&rsquo;h\u00e9bergement, dans le cadre des mesures de protection de cette cat\u00e9gorie vuln\u00e9rable du Covid-19.<\/p>\n<\/div>\n<p>Auteur:<br \/>\n<a href=\"http:\/\/www.aps.dz\/regions\/104968-ouargla-plus-de-100-repas-chauds-distribues-quotidiennement-aux-usagers-de-la-route\">Cliquez ici pour lire l&rsquo;article depuis sa source.<\/a><\/p>\n","protected":false},"excerpt":{"rendered":"<p>OUARGLA &#8211; Plus de 100 repas chauds \u00e0 emporter sont distribu\u00e9s quotidiennement, au moment de la rupture du je\u00fbne, aux usagers de la route \u00e0 Ouargla, a-t-on appris mardi aupr\u00e8s des organisateurs de cette action caritative. La strat\u00e9gie adopt\u00e9e cette ann\u00e9e, notamment suite \u00e0 la fermeture des restaurants \u00ab\u00a0Rahma\u00a0\u00bb en raison de la pand\u00e9mie de [&hellip;]<\/p>\n","protected":false},"author":1790,"featured_media":0,"comment_status":"closed","ping_status":"closed","sticky":false,"template":"","format":"standard","meta":{"fifu_image_url":"","fifu_image_alt":"","footnotes":""},"categories":[53,76],"tags":[],"class_list":["post-85194","post","type-post","status-publish","format-standard","hentry","category-algerie","category-regions"],"_links":{"self":[{"href":"https:\/\/linitiative.ca\/International\/wp-json\/wp\/v2\/posts\/85194","targetHints":{"allow":["GET"]}}],"collection":[{"href":"https:\/\/linitiative.ca\/International\/wp-json\/wp\/v2\/posts"}],"about":[{"href":"https:\/\/linitiative.ca\/International\/wp-json\/wp\/v2\/types\/post"}],"author":[{"embeddable":true,"href":"https:\/\/linitiative.ca\/International\/wp-json\/wp\/v2\/users\/1790"}],"replies":[{"embeddable":true,"href":"https:\/\/linitiative.ca\/International\/wp-json\/wp\/v2\/comments?post=85194"}],"version-history":[{"count":0,"href":"https:\/\/linitiative.ca\/International\/wp-json\/wp\/v2\/posts\/85194\/revisions"}],"wp:attachment":[{"href":"https:\/\/linitiative.ca\/International\/wp-json\/wp\/v2\/media?parent=85194"}],"wp:term":[{"taxonomy":"category","embeddable":true,"href":"https:\/\/linitiative.ca\/International\/wp-json\/wp\/v2\/categories?post=85194"},{"taxonomy":"post_tag","embeddable":true,"href":"https:\/\/linitiative.ca\/International\/wp-json\/wp\/v2\/tags?post=85194"}],"curies":[{"name":"wp","href":"https:\/\/api.w.org\/{rel}","templated":true}]}}