{"id":85200,"date":"2020-05-12T11:05:46","date_gmt":"2020-05-12T15:05:46","guid":{"rendered":"https:\/\/linitiative.ca\/International\/m-amzazi-le-retour-en-classe-en-septembre\/"},"modified":"2020-05-12T11:05:46","modified_gmt":"2020-05-12T15:05:46","slug":"m-amzazi-le-retour-en-classe-en-septembre","status":"publish","type":"post","link":"https:\/\/linitiative.ca\/International\/m-amzazi-le-retour-en-classe-en-septembre\/","title":{"rendered":"M. Amzazi : Le retour en classe en septembre"},"content":{"rendered":"<p class=\"c4\">Les \u00e9l\u00e8ves ne retourneront en classe dans les \u00e9tablissements d\u2019enseignement qu\u2019en mois de septembre prochain, a annonc\u00e9, mardi, le ministre de l\u2019Education nationale, de la Formation professionnelle, de l\u2019Enseignement sup\u00e9rieur et de la Recherche scientifique, porte-parole du gouvernement, Saaid Amzazi.<\/p>\n<p class=\"c4\">Les \u00e9preuves du baccalaur\u00e9at seront maintenues, \u00e0 savoir l\u2019examen national de la deuxi\u00e8me ann\u00e9e du baccalaur\u00e9at qui sera organis\u00e9 en juillet et l\u2019examen r\u00e9gional de la premi\u00e8re ann\u00e9e du baccalaur\u00e9at, qui aura lieu en septembre, a affirm\u00e9 M. Amzazi lors de la s\u00e9ance hebdomadaire de la Chambre des conseillers.<\/p>\n<p class=\"c4\">En r\u00e9ponse \u00e0 une question centrale lors de la s\u00e9ance des questions orales sur \u00ab\u00a0le bilan de l\u2019enseignement \u00e0 distance et les perspectives de fin d\u2019ann\u00e9e scolaire\u00a0\u00bb, le Ministre a not\u00e9 qu\u2019afin de garantir l\u2019\u00e9galit\u00e9 des chances entre tous les \u00e9l\u00e8ves, il a \u00e9t\u00e9 d\u00e9cid\u00e9 que les sujets d\u2019examen ne porteront que les cours dispens\u00e9s dans le cadre de l\u2019enseignement pr\u00e9sentiel avant la date de suspension des \u00e9tudes\u00a0 (le 14 mars 2020).<\/p>\n<p class=\"c4\">Par ailleurs, des cours intensifs \u00e0 distance seront programm\u00e9s pour garantir une bonne pr\u00e9paration aux \u00e9preuves de premi\u00e8re et deuxi\u00e8me ann\u00e9e du baccalaur\u00e9at et ainsi permettre aux candidats de passer ces examens dans les meilleurs conditions, a soulign\u00e9 le Ministre.<\/p>\n<p class=\"c4\">Dans ce sens, le d\u00e9partement de tutelle s\u2019emploiera \u00e0 mettre en \u0153uvre des mesures sanitaires pour pr\u00e9server la sant\u00e9 des \u00e9l\u00e8ves, cadres p\u00e9dagogiques, administratifs et organisationnels pour le bon d\u00e9roulement de ces examens, a relev\u00e9 M. Amzazi.<\/p>\n<p class=\"c4\">Selon le responsable gouvernemental, il s\u2019agit principalement de st\u00e9riliser les \u00e9tablissements d\u2019enseignement plusieurs fois par jour, fournir des masques de protection, les produits d\u00e9sinfectants et mat\u00e9riaux de mesure de temp\u00e9rature, veiller au respect de la distanciation sociale en r\u00e9duisant le nombre de candidats dans chaque salle, mettre en place des mesures organisationnelles n\u00e9cessaires lors de l\u2019\u00e9laboration des \u00e9preuves, utiliser des salle ou espaces tr\u00e8s vastes tels que certains complexes sportifs, ou encore veiller \u00e0 l\u2019h\u00e9bergement, \u00e0 l\u2019alimentation et au transport des candidats.<\/p>\n<p class=\"c4\">Concernant les autres niveaux scolaires, les notes du contr\u00f4le continu seront prises en consid\u00e9ration, a soulign\u00e9 M. Amzazi, notant que le Minist\u00e8re poursuivra \u00e9galement la continuit\u00e9 p\u00e9dagogique, jusqu\u2019\u00e0 la fin de l\u2019ann\u00e9e scolaire, afin de terminer les programmes et d\u2019assurer la continuit\u00e9 du processus \u00ab\u00a0d\u2019enseignement \u00e0 distance\u00a0\u00bb, \u00e0 travers les diverses plateforme num\u00e9riques, cha\u00eene de t\u00e9l\u00e9vision et brochures qui seront distribu\u00e9es aux \u00e9l\u00e8ves du niveau primaire des zones rurales.<\/p>\n<p class=\"c4\">M. Amzazi a \u00e9galement relev\u00e9 que l\u2019ann\u00e9e scolaire n\u2019est pas encore achev\u00e9e et que le programme restant rev\u00eat une importance particuli\u00e8re dans le cursus acad\u00e9mique de l\u2019\u00e9l\u00e8ve, faisant savoir le Minist\u00e8re organisera durant le mois de septembre des s\u00e9ances de rattrapage et de soutien pr\u00e9sentiel dans le but de renforcer les acquis des \u00e9l\u00e8ves et leur permettre de poursuivre leur scolarit\u00e9 dans les meilleures conditions.<\/p>\n<p class=\"c4\">Le Ministre a appel\u00e9 les \u00e9l\u00e8ves et leurs familles ainsi que les cadres p\u00e9dagogiques et administratifs \u00e0 poursuivre les efforts d\u00e9ploy\u00e9s et \u00e0 faire preuve de responsabilit\u00e9 et de s\u00e9rieux lors de cette derni\u00e8re phase.<\/p>\n<p>Auteur: Soufiane ELAHMAR<br \/>\n<a href=\"http:\/\/www.mapoujda.ma\/fr\/m-amzazi-le-retour-en-classe-en-septembre\/\">Cliquez ici pour lire l&rsquo;article depuis sa source.<\/a><\/p>\n","protected":false},"excerpt":{"rendered":"<p>Les \u00e9l\u00e8ves ne retourneront en classe dans les \u00e9tablissements d\u2019enseignement qu\u2019en mois de septembre prochain, a annonc\u00e9, mardi, le ministre de l\u2019Education nationale, de la Formation professionnelle, de l\u2019Enseignement sup\u00e9rieur et de la Recherche scientifique, porte-parole du gouvernement, Saaid Amzazi. Les \u00e9preuves du baccalaur\u00e9at seront maintenues, \u00e0 savoir l\u2019examen national de la deuxi\u00e8me ann\u00e9e du [&hellip;]<\/p>\n","protected":false},"author":1788,"featured_media":0,"comment_status":"closed","ping_status":"closed","sticky":false,"template":"","format":"standard","meta":{"fifu_image_url":"","fifu_image_alt":"","footnotes":""},"categories":[54,76],"tags":[],"class_list":["post-85200","post","type-post","status-publish","format-standard","hentry","category-maroc","category-regions"],"_links":{"self":[{"href":"https:\/\/linitiative.ca\/International\/wp-json\/wp\/v2\/posts\/85200","targetHints":{"allow":["GET"]}}],"collection":[{"href":"https:\/\/linitiative.ca\/International\/wp-json\/wp\/v2\/posts"}],"about":[{"href":"https:\/\/linitiative.ca\/International\/wp-json\/wp\/v2\/types\/post"}],"author":[{"embeddable":true,"href":"https:\/\/linitiative.ca\/International\/wp-json\/wp\/v2\/users\/1788"}],"replies":[{"embeddable":true,"href":"https:\/\/linitiative.ca\/International\/wp-json\/wp\/v2\/comments?post=85200"}],"version-history":[{"count":0,"href":"https:\/\/linitiative.ca\/International\/wp-json\/wp\/v2\/posts\/85200\/revisions"}],"wp:attachment":[{"href":"https:\/\/linitiative.ca\/International\/wp-json\/wp\/v2\/media?parent=85200"}],"wp:term":[{"taxonomy":"category","embeddable":true,"href":"https:\/\/linitiative.ca\/International\/wp-json\/wp\/v2\/categories?post=85200"},{"taxonomy":"post_tag","embeddable":true,"href":"https:\/\/linitiative.ca\/International\/wp-json\/wp\/v2\/tags?post=85200"}],"curies":[{"name":"wp","href":"https:\/\/api.w.org\/{rel}","templated":true}]}}