{"id":85201,"date":"2020-05-12T12:47:43","date_gmt":"2020-05-12T16:47:43","guid":{"rendered":"https:\/\/linitiative.ca\/International\/covid-19-137-nouveaux-cas-confirmes-au-maroc\/"},"modified":"2020-05-12T12:47:43","modified_gmt":"2020-05-12T16:47:43","slug":"covid-19-137-nouveaux-cas-confirmes-au-maroc","status":"publish","type":"post","link":"https:\/\/linitiative.ca\/International\/covid-19-137-nouveaux-cas-confirmes-au-maroc\/","title":{"rendered":"Covid-19: 137 nouveaux cas confirm\u00e9s au Maroc"},"content":{"rendered":"<div class=\"single-featured\"><img alt=\"\" data-src=\"http:\/\/www.mapoujda.ma\/map\/uploads\/2020\/05\/6418-Bilan-FR-site-R&#xE9;gionaux-M750&#xD7;430-MAP.jpg\"\/><\/div>\n<div class=\"entry-content clearfix single-post-content\" readability=\"48\">\n<p class=\"c4\">Cent trente-sept (137) nouveaux cas d\u2019infection au coronavirus (Covid-19) ont \u00e9t\u00e9 confirm\u00e9s au Maroc au cours des derni\u00e8res 24 heures, portant \u00e0 6.418 le nombre total des cas de contamination, a annonc\u00e9 mardi le minist\u00e8re de la Sant\u00e9.<\/p>\n<p class=\"c4\">Le nombre de personnes d\u00e9clar\u00e9es gu\u00e9ries s\u2019est \u00e9lev\u00e9, jusqu\u2019\u00e0 mardi \u00e0 16H00, \u00e0 2.991 avec 180 nouvelles r\u00e9missions, alors que le nombre des morts est rest\u00e9 stable \u00e0 188, puisqu\u2019aucun d\u00e9c\u00e8s n\u2019a \u00e9t\u00e9 enregistr\u00e9, a indiqu\u00e9 le directeur de l\u2019\u00e9pid\u00e9miologie et de lutte contre les maladies au minist\u00e8re de la Sant\u00e9, Mohamed El Youbi, dans une d\u00e9claration retransmise par la MAP sur sa cha\u00eene de t\u00e9l\u00e9vision M24 et sur RIM RADIO.<\/p>\n<\/div>\n<p>Auteur: Soufiane ELAHMAR<br \/>\n<a href=\"http:\/\/www.mapoujda.ma\/fr\/covid-19-137-nouveaux-cas-confirmes-au-maroc\/\">Cliquez ici pour lire l&rsquo;article depuis sa source.<\/a><\/p>\n","protected":false},"excerpt":{"rendered":"<p>Cent trente-sept (137) nouveaux cas d\u2019infection au coronavirus (Covid-19) ont \u00e9t\u00e9 confirm\u00e9s au Maroc au cours des derni\u00e8res 24 heures, portant \u00e0 6.418 le nombre total des cas de contamination, a annonc\u00e9 mardi le minist\u00e8re de la Sant\u00e9. Le nombre de personnes d\u00e9clar\u00e9es gu\u00e9ries s\u2019est \u00e9lev\u00e9, jusqu\u2019\u00e0 mardi \u00e0 16H00, \u00e0 2.991 avec 180 nouvelles [&hellip;]<\/p>\n","protected":false},"author":1788,"featured_media":85202,"comment_status":"closed","ping_status":"closed","sticky":false,"template":"","format":"standard","meta":{"fifu_image_url":"","fifu_image_alt":"","footnotes":""},"categories":[54,76],"tags":[],"class_list":["post-85201","post","type-post","status-publish","format-standard","has-post-thumbnail","hentry","category-maroc","category-regions"],"_links":{"self":[{"href":"https:\/\/linitiative.ca\/International\/wp-json\/wp\/v2\/posts\/85201","targetHints":{"allow":["GET"]}}],"collection":[{"href":"https:\/\/linitiative.ca\/International\/wp-json\/wp\/v2\/posts"}],"about":[{"href":"https:\/\/linitiative.ca\/International\/wp-json\/wp\/v2\/types\/post"}],"author":[{"embeddable":true,"href":"https:\/\/linitiative.ca\/International\/wp-json\/wp\/v2\/users\/1788"}],"replies":[{"embeddable":true,"href":"https:\/\/linitiative.ca\/International\/wp-json\/wp\/v2\/comments?post=85201"}],"version-history":[{"count":0,"href":"https:\/\/linitiative.ca\/International\/wp-json\/wp\/v2\/posts\/85201\/revisions"}],"wp:featuredmedia":[{"embeddable":true,"href":"https:\/\/linitiative.ca\/International\/wp-json\/"}],"wp:attachment":[{"href":"https:\/\/linitiative.ca\/International\/wp-json\/wp\/v2\/media?parent=85201"}],"wp:term":[{"taxonomy":"category","embeddable":true,"href":"https:\/\/linitiative.ca\/International\/wp-json\/wp\/v2\/categories?post=85201"},{"taxonomy":"post_tag","embeddable":true,"href":"https:\/\/linitiative.ca\/International\/wp-json\/wp\/v2\/tags?post=85201"}],"curies":[{"name":"wp","href":"https:\/\/api.w.org\/{rel}","templated":true}]}}