{"id":85203,"date":"2020-05-12T13:35:45","date_gmt":"2020-05-12T17:35:45","guid":{"rendered":"https:\/\/linitiative.ca\/International\/covid-19-oriental-139-remissions-sur-un-total-de-176-cas-dinfection\/"},"modified":"2020-05-12T13:35:45","modified_gmt":"2020-05-12T17:35:45","slug":"covid-19-oriental-139-remissions-sur-un-total-de-176-cas-dinfection","status":"publish","type":"post","link":"https:\/\/linitiative.ca\/International\/covid-19-oriental-139-remissions-sur-un-total-de-176-cas-dinfection\/","title":{"rendered":"Covid-19\/Oriental: 139 r\u00e9missions sur un total de 176 cas d\u2019infection"},"content":{"rendered":"<p class=\"c4\">Cinq (5) cas suppl\u00e9mentaires de gu\u00e9rison du nouveau coronavirus (Covid-19) ont \u00e9t\u00e9 signal\u00e9s au niveau de la r\u00e9gion de l\u2019Oriental, portant le nombre des r\u00e9missions, \u00e0 la date du 12 mai \u00e0 16H00, \u00e0 139 sur un total confirm\u00e9 de 176 cas d\u2019infection.<\/p>\n<p class=\"c4\">Les nouveaux cas de r\u00e9mission ont \u00e9t\u00e9 enregistr\u00e9s durant les 24 derni\u00e8res heures dans les provinces de Driouch (2 cas) et Nador (1 cas) et dans la pr\u00e9fecture d\u2019Oujda-Angad (2 cas), selon les donn\u00e9es de la direction r\u00e9gionale de la Sant\u00e9 relatives au bilan de l\u2019\u00e9volution de la pand\u00e9mie du Covid-19.<\/p>\n<p class=\"c4\">La r\u00e9partition g\u00e9ographique des 139 gu\u00e9risons montre que la pr\u00e9fecture d\u2019Oujda-Angad compte le plus grand nombre de r\u00e9missions avec un total de 47, suivie des provinces de Berkane (34), Nador (33), Taourirt (08), Guercif (8), Driouch (08) et Figuig (01).<\/p>\n<p class=\"c4\">Concernant la r\u00e9partition des cas d\u2019infection au Covid-19 qui sont au nombre de 176 au total, la pr\u00e9fecture d\u2019Oujda-Angad figure en premi\u00e8re position avec 69 cas, contre 40 dans la province de Nador, 39 dans la province de Berkane et 10 \u00e0 Driouch.<\/p>\n<p class=\"c4\">La province de Taourirt enregistre quant \u00e0 elle 9 cas, contre 8 cas dans la province de Guercif, et un seul cas dans la province de Figuig, alors qu\u2019aucun cas n\u2019a \u00e9t\u00e9 enregistr\u00e9 jusqu\u2019\u00e0 pr\u00e9sent dans la province de Jerada.<\/p>\n<p class=\"c4\">Le nombre de d\u00e9c\u00e8s, huit au total, est rest\u00e9 quant \u00e0 lui stable depuis plusieurs jours.<\/p>\n<p class=\"c4\">Au niveau national, Cent trente-sept (137) nouveaux cas d\u2019infection au coronavirus (Covid-19) ont \u00e9t\u00e9 confirm\u00e9s au cours des derni\u00e8res 24 heures, portant \u00e0 6.418 le nombre total des cas de contamination, a annonc\u00e9 mardi le minist\u00e8re de la Sant\u00e9.<\/p>\n<p class=\"c4\">Le nombre de personnes d\u00e9clar\u00e9es gu\u00e9ries s\u2019est \u00e9lev\u00e9, jusqu\u2019\u00e0 mardi \u00e0 16H00, \u00e0 2.991 avec 180 nouvelles r\u00e9missions, alors que le nombre des morts est rest\u00e9 stable \u00e0 188, puisqu\u2019aucun d\u00e9c\u00e8s n\u2019a \u00e9t\u00e9 enregistr\u00e9.<\/p>\n<p>Auteur: Soufiane ELAHMAR<br \/>\n<a href=\"http:\/\/www.mapoujda.ma\/fr\/covid-19-oriental-139-remissions-sur-un-total-de-176-cas-dinfection\/\">Cliquez ici pour lire l&rsquo;article depuis sa source.<\/a><\/p>\n","protected":false},"excerpt":{"rendered":"<p>Cinq (5) cas suppl\u00e9mentaires de gu\u00e9rison du nouveau coronavirus (Covid-19) ont \u00e9t\u00e9 signal\u00e9s au niveau de la r\u00e9gion de l\u2019Oriental, portant le nombre des r\u00e9missions, \u00e0 la date du 12 mai \u00e0 16H00, \u00e0 139 sur un total confirm\u00e9 de 176 cas d\u2019infection. Les nouveaux cas de r\u00e9mission ont \u00e9t\u00e9 enregistr\u00e9s durant les 24 derni\u00e8res [&hellip;]<\/p>\n","protected":false},"author":1788,"featured_media":0,"comment_status":"closed","ping_status":"closed","sticky":false,"template":"","format":"standard","meta":{"fifu_image_url":"","fifu_image_alt":"","footnotes":""},"categories":[54,76],"tags":[],"class_list":["post-85203","post","type-post","status-publish","format-standard","hentry","category-maroc","category-regions"],"_links":{"self":[{"href":"https:\/\/linitiative.ca\/International\/wp-json\/wp\/v2\/posts\/85203","targetHints":{"allow":["GET"]}}],"collection":[{"href":"https:\/\/linitiative.ca\/International\/wp-json\/wp\/v2\/posts"}],"about":[{"href":"https:\/\/linitiative.ca\/International\/wp-json\/wp\/v2\/types\/post"}],"author":[{"embeddable":true,"href":"https:\/\/linitiative.ca\/International\/wp-json\/wp\/v2\/users\/1788"}],"replies":[{"embeddable":true,"href":"https:\/\/linitiative.ca\/International\/wp-json\/wp\/v2\/comments?post=85203"}],"version-history":[{"count":0,"href":"https:\/\/linitiative.ca\/International\/wp-json\/wp\/v2\/posts\/85203\/revisions"}],"wp:attachment":[{"href":"https:\/\/linitiative.ca\/International\/wp-json\/wp\/v2\/media?parent=85203"}],"wp:term":[{"taxonomy":"category","embeddable":true,"href":"https:\/\/linitiative.ca\/International\/wp-json\/wp\/v2\/categories?post=85203"},{"taxonomy":"post_tag","embeddable":true,"href":"https:\/\/linitiative.ca\/International\/wp-json\/wp\/v2\/tags?post=85203"}],"curies":[{"name":"wp","href":"https:\/\/api.w.org\/{rel}","templated":true}]}}