{"id":85204,"date":"2020-05-12T13:09:03","date_gmt":"2020-05-12T17:09:03","guid":{"rendered":"https:\/\/linitiative.ca\/International\/des-cours-danglais-pour-les-enseignants\/"},"modified":"2020-05-12T13:09:03","modified_gmt":"2020-05-12T17:09:03","slug":"des-cours-danglais-pour-les-enseignants","status":"publish","type":"post","link":"https:\/\/linitiative.ca\/International\/des-cours-danglais-pour-les-enseignants\/","title":{"rendered":"Des cours d\u2019anglais pour les enseignants"},"content":{"rendered":"<div class=\"author\" readability=\"5.6949152542373\"> Par <a href=\"\/content\/ahlam-nazih\"> Ahlam NAZIH<\/a> <a href=\"\/node\/\"> <\/a> | Edition N\u00b0:5760 Le 13\/05\/2020 | Partager <\/div>\n<div class=\"body\">\n<div class=\"field field-name-body field-type-text-with-summary field-label-hidden\">\n<div class=\"field-items\" readability=\"9.5\">\n<div class=\"field-item even\" property=\"content:encoded\" readability=\"14\">\n<p class=\"rtejustify\">Le minist\u00e8re de l\u2019Education nationale pr\u00e9voit d\u2019organiser des formations pour les enseignants durant l\u2019\u00e9t\u00e9 en anglais et technologie, en partenariat avec l\u2019ambassade des Etats-Unis. Ils apprendront \u00e0 utiliser les nouvelles technologies dans l\u2019enseignement de l\u2019anglais, selon le ministre d\u00e9l\u00e9gu\u00e9 en charge de l\u2019Enseignement sup\u00e9rieur, Driss Ouaouicha, et pourront \u00e0 leur tour former d\u2019autres enseignants. L\u2019id\u00e9e est d\u2019utiliser la technologie comme levier pour donner une chance \u00e0 un maximum d\u2019\u00e9l\u00e8ves et \u00e9tudiants d\u2019am\u00e9liorer leur niveau dans la langue de Shakespeare.<br \/><em>A.Na\u00a0 <\/em><\/p>\n<\/div>\n<\/div>\n<\/div>\n<\/div>\n<div class=\"eco-conseil\">\n<div class=\"view view-eco-conseil-16 view-id-eco_conseil_16 view-display-id-cookies view-dom-id-ac1a07b28214ac95ad6fc9a765742888\">\n<div class=\"view-content\">\n<div id=\"views-bootstrap-grid-1\" class=\"views-bootstrap-grid-plugin-style\">\n<div class=\"row\">\n<div class=\" col-xs-12 col-lg-4\">\n<div class=\"row\">\n<div class=\"col col-xs-12 col-lg-12\">\n<div class=\"field-content\"><a href=\"\/article\/1061816-abderrahmane-saaidi-n-est-plusscald37130-sdl-editor-representation\"><img loading=\"lazy\" decoding=\"async\" class=\"img-responsive\" typeof=\"foaf:Image\" src=\"https:\/\/www.leconomiste.com\/sites\/default\/files\/eco7\/public\/styles\/800x400\/public\/default_images\/default_une.jpg?itok=4jZlgnIZ\" width=\"660\" height=\"330\" alt=\"\"\/><\/a><\/div>\n<\/div>\n<div class=\" title_suite_2 col col-xs-12 col-lg-12\"> <a href=\"\/article\/1061816-abderrahmane-saaidi-n-est-plusscald37130-sdl-editor-representation\"\/><span class=\"field-content\">Abderrahmane Saaidi n\u2019est plus<\/span><\/div>\n<\/div>\n<\/div>\n<div class=\" col-xs-12 col-lg-4\">\n<div class=\"row\">\n<div class=\"col col-xs-12 col-lg-12\">\n<div class=\"field-content\"><a href=\"\/article\/1061815-la-foret-maamora-attaquee-par-un-insecte-defoliateur\"><img loading=\"lazy\" decoding=\"async\" class=\"img-responsive\" typeof=\"foaf:Image\" src=\"https:\/\/www.leconomiste.com\/sites\/default\/files\/eco7\/public\/styles\/800x400\/public\/default_images\/default_une.jpg?itok=4jZlgnIZ\" width=\"660\" height=\"330\" alt=\"\"\/><\/a><\/div>\n<\/div>\n<div class=\" title_suite_2 col col-xs-12 col-lg-12\"> <a href=\"\/article\/1061815-la-foret-maamora-attaquee-par-un-insecte-defoliateur\"\/><span class=\"field-content\">La For\u00eat Ma\u00e2mora attaqu\u00e9e par un insecte d\u00e9foliateur<\/span><\/div>\n<\/div>\n<\/div>\n<div class=\" col-xs-12 col-lg-4\">\n<div class=\"row\">\n<div class=\"col col-xs-12 col-lg-12\">\n<div class=\"field-content\"><a href=\"\/article\/1061814-casanearshore-park-dell-renouvelle-son-bail-pour-6-ans\"><img loading=\"lazy\" decoding=\"async\" class=\"img-responsive\" typeof=\"foaf:Image\" src=\"https:\/\/www.leconomiste.com\/sites\/default\/files\/eco7\/public\/styles\/800x400\/public\/default_images\/default_une.jpg?itok=4jZlgnIZ\" width=\"660\" height=\"330\" alt=\"\"\/><\/a><\/div>\n<\/div>\n<div class=\" title_suite_2 col col-xs-12 col-lg-12\"> <a href=\"\/article\/1061814-casanearshore-park-dell-renouvelle-son-bail-pour-6-ans\"\/><span class=\"field-content\">Casanearshore Park: Dell renouvelle son bail pour 6 ans<\/span><\/div>\n<\/div>\n<\/div>\n<\/div>\n<\/div>\n<\/div>\n<\/div>\n<\/div>\n<p>Auteur: hlafriqi<br \/>\n<a href=\"https:\/\/www.leconomiste.com\/article\/1061812-des-cours-d-anglais-pour-les-enseignants\">Cliquez ici pour lire l&rsquo;article depuis sa source.<\/a><\/p>\n","protected":false},"excerpt":{"rendered":"<p>Par Ahlam NAZIH | Edition N\u00b0:5760 Le 13\/05\/2020 | Partager Le minist\u00e8re de l\u2019Education nationale pr\u00e9voit d\u2019organiser des formations pour les enseignants durant l\u2019\u00e9t\u00e9 en anglais et technologie, en partenariat avec l\u2019ambassade des Etats-Unis. Ils apprendront \u00e0 utiliser les nouvelles technologies dans l\u2019enseignement de l\u2019anglais, selon le ministre d\u00e9l\u00e9gu\u00e9 en charge de l\u2019Enseignement sup\u00e9rieur, Driss [&hellip;]<\/p>\n","protected":false},"author":1763,"featured_media":0,"comment_status":"closed","ping_status":"closed","sticky":false,"template":"","format":"standard","meta":{"fifu_image_url":"","fifu_image_alt":"","footnotes":""},"categories":[78,54],"tags":[],"class_list":["post-85204","post","type-post","status-publish","format-standard","hentry","category-economie","category-maroc"],"_links":{"self":[{"href":"https:\/\/linitiative.ca\/International\/wp-json\/wp\/v2\/posts\/85204","targetHints":{"allow":["GET"]}}],"collection":[{"href":"https:\/\/linitiative.ca\/International\/wp-json\/wp\/v2\/posts"}],"about":[{"href":"https:\/\/linitiative.ca\/International\/wp-json\/wp\/v2\/types\/post"}],"author":[{"embeddable":true,"href":"https:\/\/linitiative.ca\/International\/wp-json\/wp\/v2\/users\/1763"}],"replies":[{"embeddable":true,"href":"https:\/\/linitiative.ca\/International\/wp-json\/wp\/v2\/comments?post=85204"}],"version-history":[{"count":0,"href":"https:\/\/linitiative.ca\/International\/wp-json\/wp\/v2\/posts\/85204\/revisions"}],"wp:attachment":[{"href":"https:\/\/linitiative.ca\/International\/wp-json\/wp\/v2\/media?parent=85204"}],"wp:term":[{"taxonomy":"category","embeddable":true,"href":"https:\/\/linitiative.ca\/International\/wp-json\/wp\/v2\/categories?post=85204"},{"taxonomy":"post_tag","embeddable":true,"href":"https:\/\/linitiative.ca\/International\/wp-json\/wp\/v2\/tags?post=85204"}],"curies":[{"name":"wp","href":"https:\/\/api.w.org\/{rel}","templated":true}]}}