{"id":85205,"date":"2020-05-12T13:09:57","date_gmt":"2020-05-12T17:09:57","guid":{"rendered":"https:\/\/linitiative.ca\/International\/inwi-un-webinaire-sur-le-teletravail-et-la-cybersecurite\/"},"modified":"2020-05-12T13:09:57","modified_gmt":"2020-05-12T17:09:57","slug":"inwi-un-webinaire-sur-le-teletravail-et-la-cybersecurite","status":"publish","type":"post","link":"https:\/\/linitiative.ca\/International\/inwi-un-webinaire-sur-le-teletravail-et-la-cybersecurite\/","title":{"rendered":"Inwi: Un webinaire sur le t\u00e9l\u00e9travail et la cybers\u00e9curit\u00e9"},"content":{"rendered":"<div class=\"author\" readability=\"5.7931034482759\"> Par <a href=\"\/content\/amin-rboub\">Amin RBOUB<\/a> <a href=\"\/node\/\"> <\/a> | Edition N\u00b0:5760 Le 13\/05\/2020 | Partager <\/div>\n<div class=\"body\">\n<div class=\"field field-name-body field-type-text-with-summary field-label-hidden\">\n<div class=\"field-items\" readability=\"8.5\">\n<div class=\"field-item even\" property=\"content:encoded\" readability=\"12\">\n<p class=\"rtejustify\">L\u2019op\u00e9rateur t\u00e9l\u00e9coms Inwi organise le 19 mai un Webinaire autour de \u00abla cybers\u00e9curit\u00e9 des utilisateurs a l\u2019heure\u00a0 du t\u00e9l\u00e9travail \u00bb. L\u2019\u00e9v\u00e9nement sera marqu\u00e9 par l\u2019intervention de Philippe Humeau, expert en s\u00e9curit\u00e9 informatique. Il est aussi codesigner de Cerberhost, solution de haute s\u00e9curit\u00e9 de NBS System.<br \/><em>A.R.<\/em><\/p>\n<\/div>\n<\/div>\n<\/div>\n<\/div>\n<div class=\"eco-conseil\">\n<div class=\"view view-eco-conseil-16 view-id-eco_conseil_16 view-display-id-cookies view-dom-id-5de4504362e9ca675103416c5e49b1aa\">\n<div class=\"view-content\">\n<div id=\"views-bootstrap-grid-1\" class=\"views-bootstrap-grid-plugin-style\">\n<div class=\"row\">\n<div class=\" col-xs-12 col-lg-4\">\n<div class=\"row\">\n<div class=\"col col-xs-12 col-lg-12\">\n<div class=\"field-content\"><a href=\"\/article\/1061816-abderrahmane-saaidi-n-est-plusscald37130-sdl-editor-representation\"><img loading=\"lazy\" decoding=\"async\" class=\"img-responsive\" typeof=\"foaf:Image\" src=\"https:\/\/www.leconomiste.com\/sites\/default\/files\/eco7\/public\/styles\/800x400\/public\/default_images\/default_une.jpg?itok=4jZlgnIZ\" width=\"660\" height=\"330\" alt=\"\"\/><\/a><\/div>\n<\/div>\n<div class=\" title_suite_2 col col-xs-12 col-lg-12\"> <a href=\"\/article\/1061816-abderrahmane-saaidi-n-est-plusscald37130-sdl-editor-representation\"\/><span class=\"field-content\">Abderrahmane Saaidi n\u2019est plus<\/span><\/div>\n<\/div>\n<\/div>\n<div class=\" col-xs-12 col-lg-4\">\n<div class=\"row\">\n<div class=\"col col-xs-12 col-lg-12\">\n<div class=\"field-content\"><a href=\"\/article\/1061815-la-foret-maamora-attaquee-par-un-insecte-defoliateur\"><img loading=\"lazy\" decoding=\"async\" class=\"img-responsive\" typeof=\"foaf:Image\" src=\"https:\/\/www.leconomiste.com\/sites\/default\/files\/eco7\/public\/styles\/800x400\/public\/default_images\/default_une.jpg?itok=4jZlgnIZ\" width=\"660\" height=\"330\" alt=\"\"\/><\/a><\/div>\n<\/div>\n<div class=\" title_suite_2 col col-xs-12 col-lg-12\"> <a href=\"\/article\/1061815-la-foret-maamora-attaquee-par-un-insecte-defoliateur\"\/><span class=\"field-content\">La For\u00eat Ma\u00e2mora attaqu\u00e9e par un insecte d\u00e9foliateur<\/span><\/div>\n<\/div>\n<\/div>\n<div class=\" col-xs-12 col-lg-4\">\n<div class=\"row\">\n<div class=\"col col-xs-12 col-lg-12\">\n<div class=\"field-content\"><a href=\"\/article\/1061814-casanearshore-park-dell-renouvelle-son-bail-pour-6-ans\"><img loading=\"lazy\" decoding=\"async\" class=\"img-responsive\" typeof=\"foaf:Image\" src=\"https:\/\/www.leconomiste.com\/sites\/default\/files\/eco7\/public\/styles\/800x400\/public\/default_images\/default_une.jpg?itok=4jZlgnIZ\" width=\"660\" height=\"330\" alt=\"\"\/><\/a><\/div>\n<\/div>\n<div class=\" title_suite_2 col col-xs-12 col-lg-12\"> <a href=\"\/article\/1061814-casanearshore-park-dell-renouvelle-son-bail-pour-6-ans\"\/><span class=\"field-content\">Casanearshore Park: Dell renouvelle son bail pour 6 ans<\/span><\/div>\n<\/div>\n<\/div>\n<\/div>\n<\/div>\n<\/div>\n<\/div>\n<\/div>\n<p>Auteur: hlafriqi<br \/>\n<a href=\"https:\/\/www.leconomiste.com\/article\/1061813-inwi-un-webinaire-sur-le-teletravail-et-la-cybersecurite\">Cliquez ici pour lire l&rsquo;article depuis sa source.<\/a><\/p>\n","protected":false},"excerpt":{"rendered":"<p>Par Amin RBOUB | Edition N\u00b0:5760 Le 13\/05\/2020 | Partager L\u2019op\u00e9rateur t\u00e9l\u00e9coms Inwi organise le 19 mai un Webinaire autour de \u00abla cybers\u00e9curit\u00e9 des utilisateurs a l\u2019heure\u00a0 du t\u00e9l\u00e9travail \u00bb. L\u2019\u00e9v\u00e9nement sera marqu\u00e9 par l\u2019intervention de Philippe Humeau, expert en s\u00e9curit\u00e9 informatique. Il est aussi codesigner de Cerberhost, solution de haute s\u00e9curit\u00e9 de NBS System.A.R. [&hellip;]<\/p>\n","protected":false},"author":1763,"featured_media":0,"comment_status":"closed","ping_status":"closed","sticky":false,"template":"","format":"standard","meta":{"fifu_image_url":"","fifu_image_alt":"","footnotes":""},"categories":[78,54],"tags":[],"class_list":["post-85205","post","type-post","status-publish","format-standard","hentry","category-economie","category-maroc"],"_links":{"self":[{"href":"https:\/\/linitiative.ca\/International\/wp-json\/wp\/v2\/posts\/85205","targetHints":{"allow":["GET"]}}],"collection":[{"href":"https:\/\/linitiative.ca\/International\/wp-json\/wp\/v2\/posts"}],"about":[{"href":"https:\/\/linitiative.ca\/International\/wp-json\/wp\/v2\/types\/post"}],"author":[{"embeddable":true,"href":"https:\/\/linitiative.ca\/International\/wp-json\/wp\/v2\/users\/1763"}],"replies":[{"embeddable":true,"href":"https:\/\/linitiative.ca\/International\/wp-json\/wp\/v2\/comments?post=85205"}],"version-history":[{"count":0,"href":"https:\/\/linitiative.ca\/International\/wp-json\/wp\/v2\/posts\/85205\/revisions"}],"wp:attachment":[{"href":"https:\/\/linitiative.ca\/International\/wp-json\/wp\/v2\/media?parent=85205"}],"wp:term":[{"taxonomy":"category","embeddable":true,"href":"https:\/\/linitiative.ca\/International\/wp-json\/wp\/v2\/categories?post=85205"},{"taxonomy":"post_tag","embeddable":true,"href":"https:\/\/linitiative.ca\/International\/wp-json\/wp\/v2\/tags?post=85205"}],"curies":[{"name":"wp","href":"https:\/\/api.w.org\/{rel}","templated":true}]}}