{"id":85206,"date":"2020-05-12T13:10:54","date_gmt":"2020-05-12T17:10:54","guid":{"rendered":"https:\/\/linitiative.ca\/International\/casanearshore-park-dell-renouvelle-son-bail-pour-6-ans\/"},"modified":"2020-05-12T13:10:54","modified_gmt":"2020-05-12T17:10:54","slug":"casanearshore-park-dell-renouvelle-son-bail-pour-6-ans","status":"publish","type":"post","link":"https:\/\/linitiative.ca\/International\/casanearshore-park-dell-renouvelle-son-bail-pour-6-ans\/","title":{"rendered":"Casanearshore Park: Dell renouvelle son bail pour 6 ans"},"content":{"rendered":"<div class=\"body\">\n<div class=\"field field-name-body field-type-text-with-summary field-label-hidden\">\n<div class=\"field-items\" readability=\"10.5\">\n<div class=\"field-item even\" property=\"content:encoded\" readability=\"16\">\n<p class=\"rtejustify\">Au d\u00e9but du mois de mai, le g\u00e9ant de l\u2019informatique am\u00e9ricain Dell a conclu avec Medz, filiale de CDG D\u00e9veloppement, un nouvel accord pour le renouvellement du bail de son site \u00e0 Casanearshore Park. Ce site, class\u00e9 par Dell comme \u00abCentre d\u2019excellence\u00bb, compte actuellement plus de 2.000 salari\u00e9s sur une superficie de 20.000 m\u00b2 et propose des prestations de services \u00e0 des clients pr\u00e9sents dans 35 pays en 7 langues diff\u00e9rentes. Cet accord porte sur une nouvelle p\u00e9riode ferme de 6 ans ainsi qu\u2019une extension de l\u2019activit\u00e9, avec une capacit\u00e9 suppl\u00e9mentaire de plus de 15%.<br \/><em>A.E.<\/em><\/p>\n<\/div>\n<\/div>\n<\/div>\n<\/div>\n<div class=\"eco-conseil\">\n<div class=\"view view-eco-conseil-16 view-id-eco_conseil_16 view-display-id-cookies view-dom-id-32d83283ebe46d4c42d32920e5835975\">\n<div class=\"view-content\">\n<div id=\"views-bootstrap-grid-1\" class=\"views-bootstrap-grid-plugin-style\">\n<div class=\"row\">\n<div class=\" col-xs-12 col-lg-4\">\n<div class=\"row\">\n<div class=\"col col-xs-12 col-lg-12\">\n<div class=\"field-content\"><a href=\"\/article\/1061816-abderrahmane-saaidi-n-est-plusscald37130-sdl-editor-representation\"><img loading=\"lazy\" decoding=\"async\" class=\"img-responsive\" typeof=\"foaf:Image\" src=\"https:\/\/www.leconomiste.com\/sites\/default\/files\/eco7\/public\/styles\/800x400\/public\/default_images\/default_une.jpg?itok=4jZlgnIZ\" width=\"660\" height=\"330\" alt=\"\"\/><\/a><\/div>\n<\/div>\n<div class=\" title_suite_2 col col-xs-12 col-lg-12\"> <a href=\"\/article\/1061816-abderrahmane-saaidi-n-est-plusscald37130-sdl-editor-representation\"\/><span class=\"field-content\">Abderrahmane Saaidi n\u2019est plus<\/span><\/div>\n<\/div>\n<\/div>\n<div class=\" col-xs-12 col-lg-4\">\n<div class=\"row\">\n<div class=\"col col-xs-12 col-lg-12\">\n<div class=\"field-content\"><a href=\"\/article\/1061815-la-foret-maamora-attaquee-par-un-insecte-defoliateur\"><img loading=\"lazy\" decoding=\"async\" class=\"img-responsive\" typeof=\"foaf:Image\" src=\"https:\/\/www.leconomiste.com\/sites\/default\/files\/eco7\/public\/styles\/800x400\/public\/default_images\/default_une.jpg?itok=4jZlgnIZ\" width=\"660\" height=\"330\" alt=\"\"\/><\/a><\/div>\n<\/div>\n<div class=\" title_suite_2 col col-xs-12 col-lg-12\"> <a href=\"\/article\/1061815-la-foret-maamora-attaquee-par-un-insecte-defoliateur\"\/><span class=\"field-content\">La For\u00eat Ma\u00e2mora attaqu\u00e9e par un insecte d\u00e9foliateur<\/span><\/div>\n<\/div>\n<\/div>\n<div class=\" col-xs-12 col-lg-4\">\n<div class=\"row\">\n<div class=\"col col-xs-12 col-lg-12\">\n<div class=\"field-content\"><a href=\"\/article\/1061813-inwi-un-webinaire-sur-le-teletravail-et-la-cybersecurite\"><img loading=\"lazy\" decoding=\"async\" class=\"img-responsive\" typeof=\"foaf:Image\" src=\"https:\/\/www.leconomiste.com\/sites\/default\/files\/eco7\/public\/styles\/800x400\/public\/default_images\/default_une.jpg?itok=4jZlgnIZ\" width=\"660\" height=\"330\" alt=\"\"\/><\/a><\/div>\n<\/div>\n<div class=\" title_suite_2 col col-xs-12 col-lg-12\"> <a href=\"\/article\/1061813-inwi-un-webinaire-sur-le-teletravail-et-la-cybersecurite\"\/><span class=\"field-content\">Inwi: Un webinaire sur le t\u00e9l\u00e9travail et la cybers\u00e9curit\u00e9<\/span><\/div>\n<\/div>\n<\/div>\n<\/div>\n<\/div>\n<\/div>\n<\/div>\n<\/div>\n<p>Auteur: hlafriqi<br \/>\n<a href=\"https:\/\/www.leconomiste.com\/article\/1061814-casanearshore-park-dell-renouvelle-son-bail-pour-6-ans\">Cliquez ici pour lire l&rsquo;article depuis sa source.<\/a><\/p>\n","protected":false},"excerpt":{"rendered":"<p>Au d\u00e9but du mois de mai, le g\u00e9ant de l\u2019informatique am\u00e9ricain Dell a conclu avec Medz, filiale de CDG D\u00e9veloppement, un nouvel accord pour le renouvellement du bail de son site \u00e0 Casanearshore Park. Ce site, class\u00e9 par Dell comme \u00abCentre d\u2019excellence\u00bb, compte actuellement plus de 2.000 salari\u00e9s sur une superficie de 20.000 m\u00b2 et [&hellip;]<\/p>\n","protected":false},"author":1763,"featured_media":0,"comment_status":"closed","ping_status":"closed","sticky":false,"template":"","format":"standard","meta":{"fifu_image_url":"","fifu_image_alt":"","footnotes":""},"categories":[78,54],"tags":[],"class_list":["post-85206","post","type-post","status-publish","format-standard","hentry","category-economie","category-maroc"],"_links":{"self":[{"href":"https:\/\/linitiative.ca\/International\/wp-json\/wp\/v2\/posts\/85206","targetHints":{"allow":["GET"]}}],"collection":[{"href":"https:\/\/linitiative.ca\/International\/wp-json\/wp\/v2\/posts"}],"about":[{"href":"https:\/\/linitiative.ca\/International\/wp-json\/wp\/v2\/types\/post"}],"author":[{"embeddable":true,"href":"https:\/\/linitiative.ca\/International\/wp-json\/wp\/v2\/users\/1763"}],"replies":[{"embeddable":true,"href":"https:\/\/linitiative.ca\/International\/wp-json\/wp\/v2\/comments?post=85206"}],"version-history":[{"count":0,"href":"https:\/\/linitiative.ca\/International\/wp-json\/wp\/v2\/posts\/85206\/revisions"}],"wp:attachment":[{"href":"https:\/\/linitiative.ca\/International\/wp-json\/wp\/v2\/media?parent=85206"}],"wp:term":[{"taxonomy":"category","embeddable":true,"href":"https:\/\/linitiative.ca\/International\/wp-json\/wp\/v2\/categories?post=85206"},{"taxonomy":"post_tag","embeddable":true,"href":"https:\/\/linitiative.ca\/International\/wp-json\/wp\/v2\/tags?post=85206"}],"curies":[{"name":"wp","href":"https:\/\/api.w.org\/{rel}","templated":true}]}}