{"id":85207,"date":"2020-05-12T13:11:53","date_gmt":"2020-05-12T17:11:53","guid":{"rendered":"https:\/\/linitiative.ca\/International\/la-foret-maamora-attaquee-par-un-insecte-defoliateur\/"},"modified":"2020-05-12T13:11:53","modified_gmt":"2020-05-12T17:11:53","slug":"la-foret-maamora-attaquee-par-un-insecte-defoliateur","status":"publish","type":"post","link":"https:\/\/linitiative.ca\/International\/la-foret-maamora-attaquee-par-un-insecte-defoliateur\/","title":{"rendered":"La For\u00eat Ma\u00e2mora attaqu\u00e9e par un insecte d\u00e9foliateur"},"content":{"rendered":"<div class=\"author\" readability=\"5.7931034482759\"> Par <a href=\"\/content\/amin-rboub\">Amin RBOUB<\/a> <a href=\"\/node\/\"> <\/a> | Edition N\u00b0:5760 Le 13\/05\/2020 | Partager <\/div>\n<div class=\"body\">\n<div class=\"field field-name-body field-type-text-with-summary field-label-hidden\">\n<div class=\"field-items\" readability=\"10\">\n<div class=\"field-item even\" property=\"content:encoded\" readability=\"15\">\n<p class=\"rtejustify\">Selon les Eaux et For\u00eats, plus de 15.000 ha de for\u00eats de ch\u00eane-li\u00e8ge dans la r\u00e9gion de Rabat-Sal\u00e9-K\u00e9nitra ont connu une attaque phytosanitaire exceptionnelle par le ravageur Bombyx disparate (Lymantria dispar). Face au contexte du Covid-19 marqu\u00e9 par des restrictions li\u00e9es \u00e0 l\u2019usage des a\u00e9ronefs, les traitements ont connu un retard, malgr\u00e9 les mesures habituelles mises en place par le D\u00e9partement des Eaux et For\u00eats et l\u2019ONSSA pour identifier les zones infest\u00e9es, et d\u00e9finir le programme de lutte appropri\u00e9. Actuellement, les traitements se poursuivent dans plusieurs zones apr\u00e8s l\u2019obtention des autorisations d\u00e9rogatoires.<br \/><em>A.R.<\/em><\/p>\n<\/div>\n<\/div>\n<\/div>\n<\/div>\n<div class=\"eco-conseil\">\n<div class=\"view view-eco-conseil-16 view-id-eco_conseil_16 view-display-id-cookies view-dom-id-a703e0c2bc7c87d01c6353578bdb7364\">\n<div class=\"view-content\">\n<div id=\"views-bootstrap-grid-1\" class=\"views-bootstrap-grid-plugin-style\">\n<div class=\"row\">\n<div class=\" col-xs-12 col-lg-4\">\n<div class=\"row\">\n<div class=\"col col-xs-12 col-lg-12\">\n<div class=\"field-content\"><a href=\"\/article\/1061816-abderrahmane-saaidi-n-est-plusscald37130-sdl-editor-representation\"><img loading=\"lazy\" decoding=\"async\" class=\"img-responsive\" typeof=\"foaf:Image\" src=\"https:\/\/www.leconomiste.com\/sites\/default\/files\/eco7\/public\/styles\/800x400\/public\/default_images\/default_une.jpg?itok=4jZlgnIZ\" width=\"660\" height=\"330\" alt=\"\"\/><\/a><\/div>\n<\/div>\n<div class=\" title_suite_2 col col-xs-12 col-lg-12\"> <a href=\"\/article\/1061816-abderrahmane-saaidi-n-est-plusscald37130-sdl-editor-representation\"\/><span class=\"field-content\">Abderrahmane Saaidi n\u2019est plus<\/span><\/div>\n<\/div>\n<\/div>\n<div class=\" col-xs-12 col-lg-4\">\n<div class=\"row\">\n<div class=\"col col-xs-12 col-lg-12\">\n<div class=\"field-content\"><a href=\"\/article\/1061814-casanearshore-park-dell-renouvelle-son-bail-pour-6-ans\"><img loading=\"lazy\" decoding=\"async\" class=\"img-responsive\" typeof=\"foaf:Image\" src=\"https:\/\/www.leconomiste.com\/sites\/default\/files\/eco7\/public\/styles\/800x400\/public\/default_images\/default_une.jpg?itok=4jZlgnIZ\" width=\"660\" height=\"330\" alt=\"\"\/><\/a><\/div>\n<\/div>\n<div class=\" title_suite_2 col col-xs-12 col-lg-12\"> <a href=\"\/article\/1061814-casanearshore-park-dell-renouvelle-son-bail-pour-6-ans\"\/><span class=\"field-content\">Casanearshore Park: Dell renouvelle son bail pour 6 ans<\/span><\/div>\n<\/div>\n<\/div>\n<div class=\" col-xs-12 col-lg-4\">\n<div class=\"row\">\n<div class=\"col col-xs-12 col-lg-12\">\n<div class=\"field-content\"><a href=\"\/article\/1061813-inwi-un-webinaire-sur-le-teletravail-et-la-cybersecurite\"><img loading=\"lazy\" decoding=\"async\" class=\"img-responsive\" typeof=\"foaf:Image\" src=\"https:\/\/www.leconomiste.com\/sites\/default\/files\/eco7\/public\/styles\/800x400\/public\/default_images\/default_une.jpg?itok=4jZlgnIZ\" width=\"660\" height=\"330\" alt=\"\"\/><\/a><\/div>\n<\/div>\n<div class=\" title_suite_2 col col-xs-12 col-lg-12\"> <a href=\"\/article\/1061813-inwi-un-webinaire-sur-le-teletravail-et-la-cybersecurite\"\/><span class=\"field-content\">Inwi: Un webinaire sur le t\u00e9l\u00e9travail et la cybers\u00e9curit\u00e9<\/span><\/div>\n<\/div>\n<\/div>\n<\/div>\n<\/div>\n<\/div>\n<\/div>\n<\/div>\n<p>Auteur: hlafriqi<br \/>\n<a href=\"https:\/\/www.leconomiste.com\/article\/1061815-la-foret-maamora-attaquee-par-un-insecte-defoliateur\">Cliquez ici pour lire l&rsquo;article depuis sa source.<\/a><\/p>\n","protected":false},"excerpt":{"rendered":"<p>Par Amin RBOUB | Edition N\u00b0:5760 Le 13\/05\/2020 | Partager Selon les Eaux et For\u00eats, plus de 15.000 ha de for\u00eats de ch\u00eane-li\u00e8ge dans la r\u00e9gion de Rabat-Sal\u00e9-K\u00e9nitra ont connu une attaque phytosanitaire exceptionnelle par le ravageur Bombyx disparate (Lymantria dispar). Face au contexte du Covid-19 marqu\u00e9 par des restrictions li\u00e9es \u00e0 l\u2019usage des a\u00e9ronefs, [&hellip;]<\/p>\n","protected":false},"author":1763,"featured_media":0,"comment_status":"closed","ping_status":"closed","sticky":false,"template":"","format":"standard","meta":{"fifu_image_url":"","fifu_image_alt":"","footnotes":""},"categories":[78,54],"tags":[],"class_list":["post-85207","post","type-post","status-publish","format-standard","hentry","category-economie","category-maroc"],"_links":{"self":[{"href":"https:\/\/linitiative.ca\/International\/wp-json\/wp\/v2\/posts\/85207","targetHints":{"allow":["GET"]}}],"collection":[{"href":"https:\/\/linitiative.ca\/International\/wp-json\/wp\/v2\/posts"}],"about":[{"href":"https:\/\/linitiative.ca\/International\/wp-json\/wp\/v2\/types\/post"}],"author":[{"embeddable":true,"href":"https:\/\/linitiative.ca\/International\/wp-json\/wp\/v2\/users\/1763"}],"replies":[{"embeddable":true,"href":"https:\/\/linitiative.ca\/International\/wp-json\/wp\/v2\/comments?post=85207"}],"version-history":[{"count":0,"href":"https:\/\/linitiative.ca\/International\/wp-json\/wp\/v2\/posts\/85207\/revisions"}],"wp:attachment":[{"href":"https:\/\/linitiative.ca\/International\/wp-json\/wp\/v2\/media?parent=85207"}],"wp:term":[{"taxonomy":"category","embeddable":true,"href":"https:\/\/linitiative.ca\/International\/wp-json\/wp\/v2\/categories?post=85207"},{"taxonomy":"post_tag","embeddable":true,"href":"https:\/\/linitiative.ca\/International\/wp-json\/wp\/v2\/tags?post=85207"}],"curies":[{"name":"wp","href":"https:\/\/api.w.org\/{rel}","templated":true}]}}