{"id":85208,"date":"2020-05-12T13:13:08","date_gmt":"2020-05-12T17:13:08","guid":{"rendered":"https:\/\/linitiative.ca\/International\/abderrahmane-saaidi-nest-plus\/"},"modified":"2020-05-12T13:13:08","modified_gmt":"2020-05-12T17:13:08","slug":"abderrahmane-saaidi-nest-plus","status":"publish","type":"post","link":"https:\/\/linitiative.ca\/International\/abderrahmane-saaidi-nest-plus\/","title":{"rendered":"Abderrahmane Saaidi n\u2019est plus"},"content":{"rendered":"<div class=\"author\" readability=\"5.6\"> Par <a href=\"\/content\/l-economiste\">L&rsquo;Economiste<\/a> <a href=\"\/node\/\"> <\/a> | Edition N\u00b0:5760 Le 13\/05\/2020 | Partager <\/div>\n<div class=\"body\">\n<div class=\"field field-name-body field-type-text-with-summary field-label-hidden\">\n<div class=\"field-items\" readability=\"14.5\">\n<div class=\"field-item even\" property=\"content:encoded\" readability=\"24\">\n<div class=\"dnd-atom-wrapper type-image context-sdl_editor_representation atom-align-right\" contenteditable=\"false\">\n<div class=\"dnd-drop-wrapper\">\n<div class=\"image\"><img loading=\"lazy\" decoding=\"async\" typeof=\"foaf:Image\" class=\"img-responsive\" src=\"https:\/\/leconomiste.com\/sites\/default\/files\/eco7\/public\/thumbnails\/image\/abderrahmane-saaidi-060_0.jpg\" width=\"227\" height=\"220\" alt=\"abderrahmane-saaidi-060.jpg\" title=\"abderrahmane-saaidi-060.jpg\"\/><\/div>\n<\/div>\n<\/div>\n<p class=\"rtejustify\">Ministre de la privatisation, inventeur des Bons de privatisation, Abderrahmane Saa\u00efdi est mort dans la nuit de lundi 11\u00a0 au mardi 12 mai. Un temps, il fut plac\u00e9 \u00e0 la t\u00eate de la Samir nouvellement privatis\u00e9e pour sauver ce qui pouvait l\u2019\u00eatre. Il fut aussi pr\u00e9sident de L\u2019Economiste, au d\u00e9marrage en 1991, fonction qu\u2019il quitta apr\u00e8s avoir \u00e9t\u00e9 nomm\u00e9 ministre. Expert-comptable et commissaire aux comptes de formation, il a cr\u00e9\u00e9 un cabinet r\u00e9put\u00e9, dont la client\u00e8le comptait les fleurons de l\u2019\u00e9conomie marocaine. Sa contribution la plus importante au d\u00e9veloppement du pays restera la transformation des professions, r\u00f4les et impacts de comptables, experts comptables et commissaires aux comptes, dans les ann\u00e9es 1980-90. Avec les grands professionnels de la place, il a consid\u00e9rablement fait avancer le droit des affaires et le droit fiscal, lors des grandes r\u00e9formes des ann\u00e9es 1990. Son cabinet, situ\u00e9 Place Mar\u00e9chal \u00e0 Casablanca est dirig\u00e9 depuis quelque temps d\u00e9j\u00e0 par sa fille Baha. Il a aussi fond\u00e9 la Galerie Memoart, une des plus importantes salles de ventes aux ench\u00e8res du Maroc. Le Groupe Eco-M\u00e9dias dont il a \u00e9t\u00e9 partenaire lors de sa cr\u00e9ation pr\u00e9sente ses condol\u00e9ances \u00e0 sa famille.<\/p>\n<p class=\"rtejustify\">\u00a0<\/p>\n<\/div>\n<\/div>\n<\/div>\n<\/div>\n<div class=\"eco-conseil\">\n<div class=\"view view-eco-conseil-16 view-id-eco_conseil_16 view-display-id-cookies view-dom-id-8fe1ead91cfcd6ac1d3e77f606e3a083\">\n<div class=\"view-content\">\n<div id=\"views-bootstrap-grid-1\" class=\"views-bootstrap-grid-plugin-style\">\n<div class=\"row\">\n<div class=\" col-xs-12 col-lg-4\">\n<div class=\"row\">\n<div class=\"col col-xs-12 col-lg-12\">\n<div class=\"field-content\"><a href=\"\/article\/1061815-la-foret-maamora-attaquee-par-un-insecte-defoliateur\"><img loading=\"lazy\" decoding=\"async\" class=\"img-responsive\" typeof=\"foaf:Image\" src=\"https:\/\/www.leconomiste.com\/sites\/default\/files\/eco7\/public\/styles\/800x400\/public\/default_images\/default_une.jpg?itok=4jZlgnIZ\" width=\"660\" height=\"330\" alt=\"\"\/><\/a><\/div>\n<\/div>\n<div class=\" title_suite_2 col col-xs-12 col-lg-12\"> <a href=\"\/article\/1061815-la-foret-maamora-attaquee-par-un-insecte-defoliateur\"\/><span class=\"field-content\">La For\u00eat Ma\u00e2mora attaqu\u00e9e par un insecte d\u00e9foliateur<\/span><\/div>\n<\/div>\n<\/div>\n<div class=\" col-xs-12 col-lg-4\">\n<div class=\"row\">\n<div class=\"col col-xs-12 col-lg-12\">\n<div class=\"field-content\"><a href=\"\/article\/1061814-casanearshore-park-dell-renouvelle-son-bail-pour-6-ans\"><img loading=\"lazy\" decoding=\"async\" class=\"img-responsive\" typeof=\"foaf:Image\" src=\"https:\/\/www.leconomiste.com\/sites\/default\/files\/eco7\/public\/styles\/800x400\/public\/default_images\/default_une.jpg?itok=4jZlgnIZ\" width=\"660\" height=\"330\" alt=\"\"\/><\/a><\/div>\n<\/div>\n<div class=\" title_suite_2 col col-xs-12 col-lg-12\"> <a href=\"\/article\/1061814-casanearshore-park-dell-renouvelle-son-bail-pour-6-ans\"\/><span class=\"field-content\">Casanearshore Park: Dell renouvelle son bail pour 6 ans<\/span><\/div>\n<\/div>\n<\/div>\n<div class=\" col-xs-12 col-lg-4\">\n<div class=\"row\">\n<div class=\"col col-xs-12 col-lg-12\">\n<div class=\"field-content\"><a href=\"\/article\/1061813-inwi-un-webinaire-sur-le-teletravail-et-la-cybersecurite\"><img loading=\"lazy\" decoding=\"async\" class=\"img-responsive\" typeof=\"foaf:Image\" src=\"https:\/\/www.leconomiste.com\/sites\/default\/files\/eco7\/public\/styles\/800x400\/public\/default_images\/default_une.jpg?itok=4jZlgnIZ\" width=\"660\" height=\"330\" alt=\"\"\/><\/a><\/div>\n<\/div>\n<div class=\" title_suite_2 col col-xs-12 col-lg-12\"> <a href=\"\/article\/1061813-inwi-un-webinaire-sur-le-teletravail-et-la-cybersecurite\"\/><span class=\"field-content\">Inwi: Un webinaire sur le t\u00e9l\u00e9travail et la cybers\u00e9curit\u00e9<\/span><\/div>\n<\/div>\n<\/div>\n<\/div>\n<\/div>\n<\/div>\n<\/div>\n<\/div>\n<p>Auteur: hlafriqi<br \/>\n<a href=\"https:\/\/www.leconomiste.com\/article\/1061816-abderrahmane-saaidi-n-est-plusscald37130-sdl-editor-representation\">Cliquez ici pour lire l&rsquo;article depuis sa source.<\/a><\/p>\n","protected":false},"excerpt":{"rendered":"<p>Par L&rsquo;Economiste | Edition N\u00b0:5760 Le 13\/05\/2020 | Partager Ministre de la privatisation, inventeur des Bons de privatisation, Abderrahmane Saa\u00efdi est mort dans la nuit de lundi 11\u00a0 au mardi 12 mai. Un temps, il fut plac\u00e9 \u00e0 la t\u00eate de la Samir nouvellement privatis\u00e9e pour sauver ce qui pouvait l\u2019\u00eatre. Il fut aussi pr\u00e9sident [&hellip;]<\/p>\n","protected":false},"author":1763,"featured_media":85209,"comment_status":"closed","ping_status":"closed","sticky":false,"template":"","format":"standard","meta":{"fifu_image_url":"","fifu_image_alt":"","footnotes":""},"categories":[78,54],"tags":[],"class_list":["post-85208","post","type-post","status-publish","format-standard","has-post-thumbnail","hentry","category-economie","category-maroc"],"_links":{"self":[{"href":"https:\/\/linitiative.ca\/International\/wp-json\/wp\/v2\/posts\/85208","targetHints":{"allow":["GET"]}}],"collection":[{"href":"https:\/\/linitiative.ca\/International\/wp-json\/wp\/v2\/posts"}],"about":[{"href":"https:\/\/linitiative.ca\/International\/wp-json\/wp\/v2\/types\/post"}],"author":[{"embeddable":true,"href":"https:\/\/linitiative.ca\/International\/wp-json\/wp\/v2\/users\/1763"}],"replies":[{"embeddable":true,"href":"https:\/\/linitiative.ca\/International\/wp-json\/wp\/v2\/comments?post=85208"}],"version-history":[{"count":0,"href":"https:\/\/linitiative.ca\/International\/wp-json\/wp\/v2\/posts\/85208\/revisions"}],"wp:featuredmedia":[{"embeddable":true,"href":"https:\/\/linitiative.ca\/International\/wp-json\/"}],"wp:attachment":[{"href":"https:\/\/linitiative.ca\/International\/wp-json\/wp\/v2\/media?parent=85208"}],"wp:term":[{"taxonomy":"category","embeddable":true,"href":"https:\/\/linitiative.ca\/International\/wp-json\/wp\/v2\/categories?post=85208"},{"taxonomy":"post_tag","embeddable":true,"href":"https:\/\/linitiative.ca\/International\/wp-json\/wp\/v2\/tags?post=85208"}],"curies":[{"name":"wp","href":"https:\/\/api.w.org\/{rel}","templated":true}]}}