{"id":85211,"date":"2020-05-12T10:00:00","date_gmt":"2020-05-12T14:00:00","guid":{"rendered":"https:\/\/linitiative.ca\/International\/la-ftf-soutient-bouchamaoui-candidat-a-la-presidence-de-la-caf\/"},"modified":"2020-05-12T10:00:00","modified_gmt":"2020-05-12T14:00:00","slug":"la-ftf-soutient-bouchamaoui-candidat-a-la-presidence-de-la-caf","status":"publish","type":"post","link":"https:\/\/linitiative.ca\/International\/la-ftf-soutient-bouchamaoui-candidat-a-la-presidence-de-la-caf\/","title":{"rendered":"La FTF soutient  Bouchamaoui, candidat \u00e0 la pr\u00e9sidence de la CAF"},"content":{"rendered":"<p class=\"MsoNormal c4\"><span class=\"c2\">L<\/span> <span class=\"c3\">&lsquo;actuel pr\u00e9sident de la Conf\u00e9d\u00e9ration Africaine de Football, le Malgache Ahmed Ahmed dont le mandat expirera en 2021 ne compte pas pr\u00e9senter sa\u00a0candidature pour un second bail \u00e0 la t\u00eate de l&rsquo;instance africaine du football. En effet, apr\u00e8s un premier mandat mouvement\u00e9 et entach\u00e9 par plusieurs affaires, parmi lesquelles figurent, notamment, le douloureux et malheureux \u00e9pisode de la finale retour de la coupe de la Ligue des Champions entre les Esp\u00e9rance de Tunis et le Widad\u00a0Casablanca ainsi que les irr\u00e9gularit\u00e9s ayant\u00a0entach\u00e9 la gestion financi\u00e8re de la CAF, il a choisi de se retirer en douceur. Ahmed Ahmed partant, sa succession\u00a0est par cons\u00e9quent largement ouverte et de nombreuses personnalit\u00e9s du monde du football africain sont annonc\u00e9es d&rsquo;ores et d\u00e9j\u00e0 candidates, quoique de fa\u00e7on non officielle. Parmi les potentiels candidat \u00e0 la succession\u00a0du Malgache,\u00a0figureraient\u00a0notamment\u00a0le Marocain Faouzi Lakjaa et l&rsquo;ex pr\u00e9sident de la F\u00e9d\u00e9ration Egyptienne de Footbal\u00a0Hani Abou Rida, tous les deux sont d&rsquo;ailleurs membres de l&rsquo;actuel bureau ex\u00e9cutif de la CAF.<\/span><\/p>\n<p class=\"MsoNormal c4\"><span class=\"c5\">\u00a0<\/span><\/p>\n<p class=\"MsoNormal c4\"><strong><span class=\"c6\">&lsquo; Bouchamaoui : Une large frange de soutien de par le monde du football&rsquo;<\/span><\/strong><\/p>\n<p class=\"MsoNormal c4\"><span class=\"c5\">\u00a0<\/span><\/p>\n<p class=\"MsoNormal c4\"><span class=\"c5\">Si la candidature du Marocain et de l\u00a0\u00bbEgyptien\u00a0ne feraient pas l&rsquo;ombre de doute, celle du Tunisien Tarak Bouchamaoui n&rsquo;est pas encore totalement acquise. Toutefois et quoique encore h\u00e9sitant \u00e0 se porter candidat, Tarak Bouchamaoui pourrait entrer dans la course \u00e0 la pr\u00e9sidence de la CAF. Surtout qu&rsquo;il b\u00e9n\u00e9ficie du\u00a0soutien de plusieurs personnalit\u00e9s influentes du monde du football africain et m\u00eame en dehors du continent. Le dernier \u00e0 lui exprimer son soutien et le pr\u00e9sident de la FTF, Wad\u00ef\u00a0Al Jary qui vient de d\u00e9clarer sur les ondes de radio IFM\u00a0<em>\u00bb d\u00e9pit des ses diff\u00e9rends avec Bouchemaoui, celui- cil pourra compter sue\u00a0le soutien de la FTF s&rsquo;il pr\u00e9sentera sa candidature \u00e0 la pr\u00e9sidence de la CAF&rsquo;\u00a0\u00ab<\/em>\u00a0<\/span><\/p>\n<p class=\"MsoNormal c8\"><strong><span class=\"c5\"><span class=\"c7\">\u00a0\u00a0\u00a0\u00a0\u00a0\u00a0\u00a0\u00a0\u00a0\u00a0\u00a0\u00a0\u00a0\u00a0\u00a0\u00a0\u00a0\u00a0\u00a0\u00a0\u00a0\u00a0\u00a0\u00a0\u00a0\u00a0\u00a0\u00a0\u00a0\u00a0\u00a0\u00a0\u00a0\u00a0\u00a0\u00a0\u00a0\u00a0\u00a0\u00a0\u00a0\u00a0\u00a0\u00a0\u00a0\u00a0\u00a0\u00a0\u00a0\u00a0\u00a0\u00a0\u00a0\u00a0\u00a0\u00a0\u00a0\u00a0<\/span> Ameur<span class=\"c7\">\u00a0<\/span> KERKENNI<\/span><\/strong><\/p>\n<p>Auteur: letemps1<br \/>\n<a href=\"http:\/\/www.letemps.com.tn\/article\/113768\/la-ftf-soutient-bouchamaoui-candidat-%C3%A0-la-pr%C3%A9sidence-de-la-caf\">Cliquez ici pour lire l&rsquo;article depuis sa source.<\/a><\/p>\n","protected":false},"excerpt":{"rendered":"<p>L &lsquo;actuel pr\u00e9sident de la Conf\u00e9d\u00e9ration Africaine de Football, le Malgache Ahmed Ahmed dont le mandat expirera en 2021 ne compte pas pr\u00e9senter sa\u00a0candidature pour un second bail \u00e0 la t\u00eate de l&rsquo;instance africaine du football. En effet, apr\u00e8s un premier mandat mouvement\u00e9 et entach\u00e9 par plusieurs affaires, parmi lesquelles figurent, notamment, le douloureux et [&hellip;]<\/p>\n","protected":false},"author":1773,"featured_media":0,"comment_status":"closed","ping_status":"closed","sticky":false,"template":"","format":"standard","meta":{"fifu_image_url":"","fifu_image_alt":"","footnotes":""},"categories":[73,55],"tags":[],"class_list":["post-85211","post","type-post","status-publish","format-standard","hentry","category-actualite","category-tunisie"],"_links":{"self":[{"href":"https:\/\/linitiative.ca\/International\/wp-json\/wp\/v2\/posts\/85211","targetHints":{"allow":["GET"]}}],"collection":[{"href":"https:\/\/linitiative.ca\/International\/wp-json\/wp\/v2\/posts"}],"about":[{"href":"https:\/\/linitiative.ca\/International\/wp-json\/wp\/v2\/types\/post"}],"author":[{"embeddable":true,"href":"https:\/\/linitiative.ca\/International\/wp-json\/wp\/v2\/users\/1773"}],"replies":[{"embeddable":true,"href":"https:\/\/linitiative.ca\/International\/wp-json\/wp\/v2\/comments?post=85211"}],"version-history":[{"count":0,"href":"https:\/\/linitiative.ca\/International\/wp-json\/wp\/v2\/posts\/85211\/revisions"}],"wp:attachment":[{"href":"https:\/\/linitiative.ca\/International\/wp-json\/wp\/v2\/media?parent=85211"}],"wp:term":[{"taxonomy":"category","embeddable":true,"href":"https:\/\/linitiative.ca\/International\/wp-json\/wp\/v2\/categories?post=85211"},{"taxonomy":"post_tag","embeddable":true,"href":"https:\/\/linitiative.ca\/International\/wp-json\/wp\/v2\/tags?post=85211"}],"curies":[{"name":"wp","href":"https:\/\/api.w.org\/{rel}","templated":true}]}}