{"id":85213,"date":"2020-05-12T10:00:00","date_gmt":"2020-05-12T14:00:00","guid":{"rendered":"https:\/\/linitiative.ca\/International\/defaite-sur-le-tapis-vert-pour-les-equipes-qui-refusent-de-reprendre-le-championnat\/"},"modified":"2020-05-12T10:00:00","modified_gmt":"2020-05-12T14:00:00","slug":"defaite-sur-le-tapis-vert-pour-les-equipes-qui-refusent-de-reprendre-le-championnat","status":"publish","type":"post","link":"https:\/\/linitiative.ca\/International\/defaite-sur-le-tapis-vert-pour-les-equipes-qui-refusent-de-reprendre-le-championnat\/","title":{"rendered":"\u00ab D\u00e9faite sur le tapis vert pour les \u00e9quipes qui refusent de reprendre le championnat ! \u00bb"},"content":{"rendered":"<p class=\"MsoNormal c5\"><span class=\"c3\"><span class=\"c2\">\u00a0\u00a0<\/span><\/span> <span class=\"c4\">Le pr\u00e9sident de la F\u00e9d\u00e9ration Tunisienne de Football, Wadii Al Jary, a hauss\u00e9 le ton envers les clubs qui refusent de reprendre la comp\u00e9tition. Ce fut lors de son intervention sur les ondes d\u2019IFM, intervention au cours de laquelle il a d\u00e9clar\u00e9 que les \u00e9quipes qui s\u2019absenteront seront battues sur le tapis vert. Il a ajout\u00e9 que le huis clos pourrait \u00eatre impos\u00e9 jusqu\u2019au mois de janvier prochain. Reste \u00e0 savoir si un tel langage,<span class=\"c2\">\u00a0<\/span> qualifi\u00e9 de menace voire d\u2019intimidation, appartient \u00e0 un temps bel et bien r\u00e9volu.<\/span><\/p>\n<p class=\"MsoNormal c5\"><span class=\"c4\"><span class=\"c2\">\u00a0\u00a0\u00a0\u00a0<\/span> Le pr\u00e9sident de la FTF aurait d\u00fb se concerter, au pr\u00e9alable, avec tous les clubs, l\u2019humilit\u00e9<span class=\"c2\">\u00a0<\/span> \u00e9tant une qualit\u00e9 qui contribue au rayonnement et \u00e0 la r\u00e9ussite de tout responsable. A bon entendeur\u00a0!<\/span><\/p>\n<p class=\"MsoNormal c5\"><strong><span class=\"c3\"><span class=\"c2\">\u00a0\u00a0\u00a0\u00a0\u00a0\u00a0\u00a0\u00a0\u00a0\u00a0\u00a0\u00a0\u00a0\u00a0\u00a0\u00a0\u00a0\u00a0\u00a0\u00a0\u00a0\u00a0\u00a0\u00a0\u00a0\u00a0\u00a0\u00a0\u00a0\u00a0\u00a0\u00a0\u00a0\u00a0\u00a0\u00a0\u00a0\u00a0\u00a0\u00a0\u00a0\u00a0\u00a0\u00a0\u00a0\u00a0\u00a0\u00a0\u00a0\u00a0\u00a0\u00a0\u00a0\u00a0<\/span> R. B. A<\/span><\/strong><\/p>\n<p>Auteur: letemps1<br \/>\n<a href=\"http:\/\/www.letemps.com.tn\/article\/113770\/%C2%AB-d%C3%A9faite-sur-le-tapis-vert-pour-les-%C3%A9quipes-qui-refusent-de-reprendre-le-championnat\">Cliquez ici pour lire l&rsquo;article depuis sa source.<\/a><\/p>\n","protected":false},"excerpt":{"rendered":"<p>\u00a0\u00a0 Le pr\u00e9sident de la F\u00e9d\u00e9ration Tunisienne de Football, Wadii Al Jary, a hauss\u00e9 le ton envers les clubs qui refusent de reprendre la comp\u00e9tition. Ce fut lors de son intervention sur les ondes d\u2019IFM, intervention au cours de laquelle il a d\u00e9clar\u00e9 que les \u00e9quipes qui s\u2019absenteront seront battues sur le tapis vert. Il [&hellip;]<\/p>\n","protected":false},"author":1773,"featured_media":0,"comment_status":"closed","ping_status":"closed","sticky":false,"template":"","format":"standard","meta":{"fifu_image_url":"","fifu_image_alt":"","footnotes":""},"categories":[73,55],"tags":[],"class_list":["post-85213","post","type-post","status-publish","format-standard","hentry","category-actualite","category-tunisie"],"_links":{"self":[{"href":"https:\/\/linitiative.ca\/International\/wp-json\/wp\/v2\/posts\/85213","targetHints":{"allow":["GET"]}}],"collection":[{"href":"https:\/\/linitiative.ca\/International\/wp-json\/wp\/v2\/posts"}],"about":[{"href":"https:\/\/linitiative.ca\/International\/wp-json\/wp\/v2\/types\/post"}],"author":[{"embeddable":true,"href":"https:\/\/linitiative.ca\/International\/wp-json\/wp\/v2\/users\/1773"}],"replies":[{"embeddable":true,"href":"https:\/\/linitiative.ca\/International\/wp-json\/wp\/v2\/comments?post=85213"}],"version-history":[{"count":0,"href":"https:\/\/linitiative.ca\/International\/wp-json\/wp\/v2\/posts\/85213\/revisions"}],"wp:attachment":[{"href":"https:\/\/linitiative.ca\/International\/wp-json\/wp\/v2\/media?parent=85213"}],"wp:term":[{"taxonomy":"category","embeddable":true,"href":"https:\/\/linitiative.ca\/International\/wp-json\/wp\/v2\/categories?post=85213"},{"taxonomy":"post_tag","embeddable":true,"href":"https:\/\/linitiative.ca\/International\/wp-json\/wp\/v2\/tags?post=85213"}],"curies":[{"name":"wp","href":"https:\/\/api.w.org\/{rel}","templated":true}]}}