{"id":85214,"date":"2020-05-12T10:00:00","date_gmt":"2020-05-12T14:00:00","guid":{"rendered":"https:\/\/linitiative.ca\/International\/ils-ne-changeront-pas\/"},"modified":"2020-05-12T10:00:00","modified_gmt":"2020-05-12T14:00:00","slug":"ils-ne-changeront-pas","status":"publish","type":"post","link":"https:\/\/linitiative.ca\/International\/ils-ne-changeront-pas\/","title":{"rendered":"Ils ne changeront pas\u2026"},"content":{"rendered":"<p class=\"MsoNoSpacing c4\"><strong class=\"c3\"><span class=\"c2\">Par Samia HARRAR<\/span><\/strong><\/p>\n<p class=\"MsoNoSpacing\"><span class=\"c5\">\u00a0<\/span><\/p>\n<p class=\"MsoNoSpacing c7\"><span class=\"c6\">C\u2019est assez cocasse. Mais \u00e7a ne fait pas rire. Le moment est mal choisi, pour diviser les rangs ? Ce n\u2019est pas la peine de se donner tant de mal : divis\u00e9s, ils le sont d\u00e9j\u00e0, depuis belle lurette. Personne n\u2019irait croire aujourd\u2019hui, qu\u2019un vent nouveau ayant souffl\u00e9 sur le pays, la pr\u00e9sidence de l\u2019ARP et Abir Moussi, fileraient le parfait amour sous la coupole, en faisant front commun contre les adversit\u00e9s, en attendant que passent les nuages. Il y a, \u00e9videmment, d\u2019autres priorit\u00e9s. Mais il convient, tout de m\u00eame, parce que des menaces, \u00e0 caract\u00e8re terroriste, dont il ne faut, surtout pas, sous-estimer la gravit\u00e9, viennent \u00e0 peser sur la d\u00e9put\u00e9e ici en l\u2019occurrence, de rappeler, \u00e0 l\u2019intention de tous ceux qui auraient la m\u00e9moire qui flanche, qu\u2019une certaine engeance du diable, qui se targue de vouloir \u00ab islamiser \u00bb la Tunisie, laquelle aurait bascul\u00e9 dans l\u2019apostasie, rappellerait, \u00e0 l\u2019honorable pr\u00e9sident de l\u2019ARP, sa jeunesse. Ou pas ? Il faut donc se montrer magnanimes. Envers cette \u00ab belle \u00bb jeunesse qui a fait des petits. Lesquels \u00ab petits \u00bb font profil bas quand le vent n\u2019est pas favorable, et s\u2019affichent avec superbe, lorsqu\u2019ils s\u2019imaginent qu\u2019ils peuvent tenir la \u00ab drag\u00e9e haute \u00bb, \u00e0 leurs cibles de pr\u00e9dilection, avec l\u2019intention, bien affich\u00e9e, de passer \u00e0 l\u2019acte. Et de frapper. Est-ce qu\u2019il faut attendre qu\u2019ils passent \u00e0 l\u2019acte, pour comprendre qu\u2019il ne faut jamais leur faire confiance ? Et qu\u2019ils ne changeront pas ?<\/span><\/p>\n<p class=\"MsoNoSpacing c7\"><span class=\"c6\">Rached Ghannouchi a chang\u00e9. Voil\u00e0 pourquoi il se solidarise avec Abir Moussi. Contre tous ceux qui la menacent aujourd\u2019hui. Il le fait par conviction. Et Parce que c\u2019est un patriote. Qui a retenu les le\u00e7ons du pass\u00e9. Et qui, au sein de son parti Ennahdha, n\u2019a de cesse de r\u00e9p\u00e9ter \u00e0 qui veut l\u2019entendre, qu\u2019il faut, d\u00e9sormais, s\u00e9parer le politique du religieux, pour mieux servir le pays. Il faut le croire sur parole. Lui et ses pairs.<\/span><\/p>\n<p>Auteur: letemps1<br \/>\n<a href=\"http:\/\/www.letemps.com.tn\/article\/113771\/ils-ne-changeront-pas%E2%80%A6\">Cliquez ici pour lire l&rsquo;article depuis sa source.<\/a><\/p>\n","protected":false},"excerpt":{"rendered":"<p>Par Samia HARRAR \u00a0 C\u2019est assez cocasse. Mais \u00e7a ne fait pas rire. Le moment est mal choisi, pour diviser les rangs ? Ce n\u2019est pas la peine de se donner tant de mal : divis\u00e9s, ils le sont d\u00e9j\u00e0, depuis belle lurette. Personne n\u2019irait croire aujourd\u2019hui, qu\u2019un vent nouveau ayant souffl\u00e9 sur le pays, [&hellip;]<\/p>\n","protected":false},"author":1773,"featured_media":0,"comment_status":"closed","ping_status":"closed","sticky":false,"template":"","format":"standard","meta":{"fifu_image_url":"","fifu_image_alt":"","footnotes":""},"categories":[73,55],"tags":[],"class_list":["post-85214","post","type-post","status-publish","format-standard","hentry","category-actualite","category-tunisie"],"_links":{"self":[{"href":"https:\/\/linitiative.ca\/International\/wp-json\/wp\/v2\/posts\/85214","targetHints":{"allow":["GET"]}}],"collection":[{"href":"https:\/\/linitiative.ca\/International\/wp-json\/wp\/v2\/posts"}],"about":[{"href":"https:\/\/linitiative.ca\/International\/wp-json\/wp\/v2\/types\/post"}],"author":[{"embeddable":true,"href":"https:\/\/linitiative.ca\/International\/wp-json\/wp\/v2\/users\/1773"}],"replies":[{"embeddable":true,"href":"https:\/\/linitiative.ca\/International\/wp-json\/wp\/v2\/comments?post=85214"}],"version-history":[{"count":0,"href":"https:\/\/linitiative.ca\/International\/wp-json\/wp\/v2\/posts\/85214\/revisions"}],"wp:attachment":[{"href":"https:\/\/linitiative.ca\/International\/wp-json\/wp\/v2\/media?parent=85214"}],"wp:term":[{"taxonomy":"category","embeddable":true,"href":"https:\/\/linitiative.ca\/International\/wp-json\/wp\/v2\/categories?post=85214"},{"taxonomy":"post_tag","embeddable":true,"href":"https:\/\/linitiative.ca\/International\/wp-json\/wp\/v2\/tags?post=85214"}],"curies":[{"name":"wp","href":"https:\/\/api.w.org\/{rel}","templated":true}]}}