{"id":85215,"date":"2020-05-12T15:13:08","date_gmt":"2020-05-12T19:13:08","guid":{"rendered":"https:\/\/linitiative.ca\/International\/divers-le-premier-ministre-annonce-une-prolongation-de-15-jours-du-confinement\/"},"modified":"2020-05-12T15:13:08","modified_gmt":"2020-05-12T19:13:08","slug":"divers-le-premier-ministre-annonce-une-prolongation-de-15-jours-du-confinement","status":"publish","type":"post","link":"https:\/\/linitiative.ca\/International\/divers-le-premier-ministre-annonce-une-prolongation-de-15-jours-du-confinement\/","title":{"rendered":"Divers : Le Premier ministre annonce une prolongation de 15 jours du confinement"},"content":{"rendered":"<div readability=\"32\">\n<p>Auteur : <span class=\"time\">mardi 12 mai 2020 12:22<\/span><\/p>\n<\/div>\n<div id=\"post_core\" readability=\"38\">\n<p>Cette d\u00e9cision sera effective \u00e0 partir du 15 mai prochain. Le confinement sanitaire sera donc prolong\u00e9 jusqu&rsquo;au 30 mai prochain comme l&rsquo;a annonc\u00e9 le Premier ministre Abdelaziz djerad ce mardi 12 mai.<\/p>\n<p>Comme l&rsquo;indique Alg\u00e9rie360, Cette d\u00e9cision s\u2019inscrit dans le cadre des mesures prises par le gouvernement afin de lutter contre la propagation du Coronavirus en Alg\u00e9rie.<\/p>\n<p><strong>Publi\u00e9 dans :<\/strong> <span>algerie<\/span><\/p>\n<\/div>\n<p>Auteur:<br \/>\n<a href=\"http:\/\/www.lebuteur.com\/article\/detail?titre=le-premier-ministre-annonce-une-prolongation-de-15-jours-du-confinement&#038;id=95903&#038;utm_source=feedburner&#038;utm_medium=feed&#038;utm_campaign=Feed%3A+GalerieFArtciles+%28Les+derniers+articles++-+lebuteur.com%29\">Cliquez ici pour lire l&rsquo;article depuis sa source.<\/a><\/p>\n","protected":false},"excerpt":{"rendered":"<p>Auteur : mardi 12 mai 2020 12:22 Cette d\u00e9cision sera effective \u00e0 partir du 15 mai prochain. Le confinement sanitaire sera donc prolong\u00e9 jusqu&rsquo;au 30 mai prochain comme l&rsquo;a annonc\u00e9 le Premier ministre Abdelaziz djerad ce mardi 12 mai. Comme l&rsquo;indique Alg\u00e9rie360, Cette d\u00e9cision s\u2019inscrit dans le cadre des mesures prises par le gouvernement afin [&hellip;]<\/p>\n","protected":false},"author":1738,"featured_media":85216,"comment_status":"closed","ping_status":"closed","sticky":false,"template":"","format":"standard","meta":{"fifu_image_url":"","fifu_image_alt":"","footnotes":""},"categories":[53,75],"tags":[],"class_list":["post-85215","post","type-post","status-publish","format-standard","has-post-thumbnail","hentry","category-algerie","category-sport"],"_links":{"self":[{"href":"https:\/\/linitiative.ca\/International\/wp-json\/wp\/v2\/posts\/85215","targetHints":{"allow":["GET"]}}],"collection":[{"href":"https:\/\/linitiative.ca\/International\/wp-json\/wp\/v2\/posts"}],"about":[{"href":"https:\/\/linitiative.ca\/International\/wp-json\/wp\/v2\/types\/post"}],"author":[{"embeddable":true,"href":"https:\/\/linitiative.ca\/International\/wp-json\/wp\/v2\/users\/1738"}],"replies":[{"embeddable":true,"href":"https:\/\/linitiative.ca\/International\/wp-json\/wp\/v2\/comments?post=85215"}],"version-history":[{"count":0,"href":"https:\/\/linitiative.ca\/International\/wp-json\/wp\/v2\/posts\/85215\/revisions"}],"wp:featuredmedia":[{"embeddable":true,"href":"https:\/\/linitiative.ca\/International\/wp-json\/"}],"wp:attachment":[{"href":"https:\/\/linitiative.ca\/International\/wp-json\/wp\/v2\/media?parent=85215"}],"wp:term":[{"taxonomy":"category","embeddable":true,"href":"https:\/\/linitiative.ca\/International\/wp-json\/wp\/v2\/categories?post=85215"},{"taxonomy":"post_tag","embeddable":true,"href":"https:\/\/linitiative.ca\/International\/wp-json\/wp\/v2\/tags?post=85215"}],"curies":[{"name":"wp","href":"https:\/\/api.w.org\/{rel}","templated":true}]}}