{"id":85217,"date":"2020-05-12T15:13:10","date_gmt":"2020-05-12T19:13:10","guid":{"rendered":"https:\/\/linitiative.ca\/International\/international-un-ancien-attaquant-de-liverpool-tacle-balotelli\/"},"modified":"2020-05-12T15:13:10","modified_gmt":"2020-05-12T19:13:10","slug":"international-un-ancien-attaquant-de-liverpool-tacle-balotelli","status":"publish","type":"post","link":"https:\/\/linitiative.ca\/International\/international-un-ancien-attaquant-de-liverpool-tacle-balotelli\/","title":{"rendered":"International : Un ancien attaquant de Liverpool tacle Balotelli"},"content":{"rendered":"<div readability=\"32\">\n<p>Auteur : <span class=\"time\">mardi 12 mai 2020 14:15<\/span><\/p>\n<\/div>\n<div id=\"post_core\" readability=\"56\">\n<p>L&rsquo;ancien Ni\u00e7ois n&rsquo;a trouv\u00e9 le chemin des filets qu&rsquo;\u00e0 quatre reprises en 28 apparitions avec les Reds. Quelques semaines auparavant, Rickie Lambert avait pourtant \u00e9t\u00e9 recrut\u00e9 \u00e0 Southampton (5,5M\u20ac) apr\u00e8s le d\u00e9part de Luis Suarez au FC Barcelone. L&rsquo;ancien buteur anglais, qui a aujourd&rsquo;hui raccroch\u00e9 les crampons, est revenu sur la saison 2014-2015 o\u00f9 il a \u00e9volu\u00e9 aux c\u00f4t\u00e9s du sulfureux attaquant italien, envers lequel il n&rsquo;a pas \u00e9t\u00e9 tr\u00e8s tendre.<\/p>\n<p>\u00abBrendan Rodgers a fait venir Mario Balotelli et l&rsquo;a plac\u00e9 devant moi dans la hi\u00e9rarchie, ce qui m&rsquo;a fait perdre la t\u00eate, pour \u00eatre honn\u00eate. Je ne comprenais pas. La fa\u00e7on dont il s&rsquo;entra\u00eenait \u00e9tait honteuse. En dehors des terrains, il \u00e9tait assez communicatif, un gar\u00e7on adorable. Mais sur le terrain, sa personnalit\u00e9 n&rsquo;\u00e9tait pas bonne. Quand il jouait, il essayait (de faire les choses bien) et j&rsquo;ai d\u00e9j\u00e0 rencontr\u00e9 des joueurs avec cette attitude, mais ils sont g\u00e9n\u00e9ralement assez bons pour s&rsquo;en sortir. Lui ne l&rsquo;\u00e9tait pas. Je ne comprenais pas comment Rodgers pouvait le laisser s&rsquo;en tirer comme \u00e7a et le pr\u00e9f\u00e9rer \u00e0 moi. Cela m&rsquo;a directement affect\u00e9 et aussi eu un impact n\u00e9gatif sur l&rsquo;\u00e9quipe (Liverpool a termin\u00e9 6e cette ann\u00e9e-l\u00e0, NDLR)\u00bb, a confi\u00e9 Rickie rapporte Footmercato. Mario Balotelli r\u00e9pondra-t-il \u00e0 son ancien co\u00e9quipier ?<\/p>\n<p><strong>Publi\u00e9 dans :<\/strong> <span>balotelli<\/span> <span>liverpool<\/span> <span>Lambert<\/span><\/p>\n<\/div>\n<p>Auteur:<br \/>\n<a href=\"http:\/\/www.lebuteur.com\/article\/detail?titre=un-ancien-attaquant-de-liverpool-tacle-balotelli&#038;id=95904&#038;utm_source=feedburner&#038;utm_medium=feed&#038;utm_campaign=Feed%3A+GalerieFArtciles+%28Les+derniers+articles++-+lebuteur.com%29\">Cliquez ici pour lire l&rsquo;article depuis sa source.<\/a><\/p>\n","protected":false},"excerpt":{"rendered":"<p>Auteur : mardi 12 mai 2020 14:15 L&rsquo;ancien Ni\u00e7ois n&rsquo;a trouv\u00e9 le chemin des filets qu&rsquo;\u00e0 quatre reprises en 28 apparitions avec les Reds. Quelques semaines auparavant, Rickie Lambert avait pourtant \u00e9t\u00e9 recrut\u00e9 \u00e0 Southampton (5,5M\u20ac) apr\u00e8s le d\u00e9part de Luis Suarez au FC Barcelone. L&rsquo;ancien buteur anglais, qui a aujourd&rsquo;hui raccroch\u00e9 les crampons, est [&hellip;]<\/p>\n","protected":false},"author":1738,"featured_media":85218,"comment_status":"closed","ping_status":"closed","sticky":false,"template":"","format":"standard","meta":{"fifu_image_url":"","fifu_image_alt":"","footnotes":""},"categories":[53,75],"tags":[],"class_list":["post-85217","post","type-post","status-publish","format-standard","has-post-thumbnail","hentry","category-algerie","category-sport"],"_links":{"self":[{"href":"https:\/\/linitiative.ca\/International\/wp-json\/wp\/v2\/posts\/85217","targetHints":{"allow":["GET"]}}],"collection":[{"href":"https:\/\/linitiative.ca\/International\/wp-json\/wp\/v2\/posts"}],"about":[{"href":"https:\/\/linitiative.ca\/International\/wp-json\/wp\/v2\/types\/post"}],"author":[{"embeddable":true,"href":"https:\/\/linitiative.ca\/International\/wp-json\/wp\/v2\/users\/1738"}],"replies":[{"embeddable":true,"href":"https:\/\/linitiative.ca\/International\/wp-json\/wp\/v2\/comments?post=85217"}],"version-history":[{"count":0,"href":"https:\/\/linitiative.ca\/International\/wp-json\/wp\/v2\/posts\/85217\/revisions"}],"wp:featuredmedia":[{"embeddable":true,"href":"https:\/\/linitiative.ca\/International\/wp-json\/"}],"wp:attachment":[{"href":"https:\/\/linitiative.ca\/International\/wp-json\/wp\/v2\/media?parent=85217"}],"wp:term":[{"taxonomy":"category","embeddable":true,"href":"https:\/\/linitiative.ca\/International\/wp-json\/wp\/v2\/categories?post=85217"},{"taxonomy":"post_tag","embeddable":true,"href":"https:\/\/linitiative.ca\/International\/wp-json\/wp\/v2\/tags?post=85217"}],"curies":[{"name":"wp","href":"https:\/\/api.w.org\/{rel}","templated":true}]}}