{"id":85219,"date":"2020-05-12T15:13:12","date_gmt":"2020-05-12T19:13:12","guid":{"rendered":"https:\/\/linitiative.ca\/International\/international-psg-dani-alves-vole-au-secours-de-neymar\/"},"modified":"2020-05-12T15:13:12","modified_gmt":"2020-05-12T19:13:12","slug":"international-psg-dani-alves-vole-au-secours-de-neymar","status":"publish","type":"post","link":"https:\/\/linitiative.ca\/International\/international-psg-dani-alves-vole-au-secours-de-neymar\/","title":{"rendered":"International : PSG : Dani Alves vole au secours de Neymar"},"content":{"rendered":"<div readability=\"32\">\n<p>Auteur : <span class=\"time\">mardi 12 mai 2020 15:00<\/span><\/p>\n<\/div>\n<div id=\"post_core\" readability=\"44\">\n<p>Ainsi, comme \u00e0 l\u2019accoutum\u00e9e, le joueur de Sao Paulo a une nouvelle fois pris la d\u00e9fense du Parisien dans l\u2019\u00e9mission Jogo Aberto.\u00a0\u00ab\u00a0Pourquoi Neymar n&rsquo;est pas encore l&rsquo;idole nationale absolue ? Je pense qu&rsquo;il porte trop de responsabilit\u00e9s. Ce qu\u2019il fait de sa vie n\u2019est pas criminel puisqu\u2019il donne toujours des r\u00e9sultats sur le terrain. Les gens pensent que nous n\u2019avons pas de probl\u00e8me, que nous n\u2019avons pas de choses \u00e0 r\u00e9gler, pas de motifs de stress. Mais nous sommes humains. C\u2019est l\u2019une des personnes les plus pures que j\u2019ai jamais rencontr\u00e9es, mais il a sa personnalit\u00e9. Il est n\u00e9 pour \u00eatre diff\u00e9rent. Ce que je dis toujours, c\u2019est qu\u2019il doit se concentrer sur ce qui est entre ses mains, \u00e0 savoir jouer et obtenir des r\u00e9sultats pour son \u00e9quipe\u00a0\u00bb a d\u00e9clar\u00e9 le joueur de 37 ans rapporte Onzemondial.<\/p>\n<p><strong>Publi\u00e9 dans :<\/strong> <span>neymar<\/span> <span>PSG : Dani Alves<\/span><\/p>\n<\/div>\n<p>Auteur:<br \/>\n<a href=\"http:\/\/www.lebuteur.com\/article\/detail?titre=psg-dani-alves-vole-au-secours-de-neymar&#038;id=95905&#038;utm_source=feedburner&#038;utm_medium=feed&#038;utm_campaign=Feed%3A+GalerieFArtciles+%28Les+derniers+articles++-+lebuteur.com%29\">Cliquez ici pour lire l&rsquo;article depuis sa source.<\/a><\/p>\n","protected":false},"excerpt":{"rendered":"<p>Auteur : mardi 12 mai 2020 15:00 Ainsi, comme \u00e0 l\u2019accoutum\u00e9e, le joueur de Sao Paulo a une nouvelle fois pris la d\u00e9fense du Parisien dans l\u2019\u00e9mission Jogo Aberto.\u00a0\u00ab\u00a0Pourquoi Neymar n&rsquo;est pas encore l&rsquo;idole nationale absolue ? Je pense qu&rsquo;il porte trop de responsabilit\u00e9s. Ce qu\u2019il fait de sa vie n\u2019est pas criminel puisqu\u2019il donne [&hellip;]<\/p>\n","protected":false},"author":1738,"featured_media":85220,"comment_status":"closed","ping_status":"closed","sticky":false,"template":"","format":"standard","meta":{"fifu_image_url":"","fifu_image_alt":"","footnotes":""},"categories":[53,75],"tags":[],"class_list":["post-85219","post","type-post","status-publish","format-standard","has-post-thumbnail","hentry","category-algerie","category-sport"],"_links":{"self":[{"href":"https:\/\/linitiative.ca\/International\/wp-json\/wp\/v2\/posts\/85219","targetHints":{"allow":["GET"]}}],"collection":[{"href":"https:\/\/linitiative.ca\/International\/wp-json\/wp\/v2\/posts"}],"about":[{"href":"https:\/\/linitiative.ca\/International\/wp-json\/wp\/v2\/types\/post"}],"author":[{"embeddable":true,"href":"https:\/\/linitiative.ca\/International\/wp-json\/wp\/v2\/users\/1738"}],"replies":[{"embeddable":true,"href":"https:\/\/linitiative.ca\/International\/wp-json\/wp\/v2\/comments?post=85219"}],"version-history":[{"count":0,"href":"https:\/\/linitiative.ca\/International\/wp-json\/wp\/v2\/posts\/85219\/revisions"}],"wp:featuredmedia":[{"embeddable":true,"href":"https:\/\/linitiative.ca\/International\/wp-json\/"}],"wp:attachment":[{"href":"https:\/\/linitiative.ca\/International\/wp-json\/wp\/v2\/media?parent=85219"}],"wp:term":[{"taxonomy":"category","embeddable":true,"href":"https:\/\/linitiative.ca\/International\/wp-json\/wp\/v2\/categories?post=85219"},{"taxonomy":"post_tag","embeddable":true,"href":"https:\/\/linitiative.ca\/International\/wp-json\/wp\/v2\/tags?post=85219"}],"curies":[{"name":"wp","href":"https:\/\/api.w.org\/{rel}","templated":true}]}}