{"id":85223,"date":"2020-05-12T15:13:15","date_gmt":"2020-05-12T19:13:15","guid":{"rendered":"https:\/\/linitiative.ca\/International\/pros-slimani-la-question-du-ramadan-ne-se-pose-pas-cette-annee\/"},"modified":"2020-05-12T15:13:15","modified_gmt":"2020-05-12T19:13:15","slug":"pros-slimani-la-question-du-ramadan-ne-se-pose-pas-cette-annee","status":"publish","type":"post","link":"https:\/\/linitiative.ca\/International\/pros-slimani-la-question-du-ramadan-ne-se-pose-pas-cette-annee\/","title":{"rendered":"Pros : Slimani : \u00abLa question du Ramadan ne se pose pas cette ann\u00e9e\u00bb"},"content":{"rendered":"<div readability=\"32\">\n<p>Auteur : <span class=\"time\">mardi 12 mai 2020 16:28<\/span><\/p>\n<\/div>\n<div id=\"post_core\" readability=\"49\">\n<p>Cette ann\u00e9e, en cette p\u00e9riode de crise sanitaire mondiale, le football est \u00e0 l\u2019arr\u00eat. Du coup, les joueurs musulmans peuvent je\u00fbner sans se soucier des entra\u00eenements et de la comp\u00e9tition auxquels ils avaient l\u2019habitude, par le pass\u00e9, de prendre part. C\u2018est d\u2019ailleurs l\u2019avis d\u2019Islam Slimani: \u00abPour les joueurs musulmans, c\u2019est une bonne chose. Ces derni\u00e8res ann\u00e9es, je devais je\u00fbner pendant l\u2019entra\u00eenement et les matches car, pour moi comme pour tous les musulmans, le Ramadan est un mois sacr\u00e9.\u00bb a expliqu\u00e9 l\u2019attaquant Alg\u00e9rien au micro de FIFA.com.<\/p>\n<p>\u00abCertains footballeurs ne pouvaient pas je\u00fbner pendant le Ramadan, \u00e0 cause des matches. Cette ann\u00e9e, la question ne se pose pas.\u00bba-t-il ajout\u00e9.<\/p>\n<p><strong>Publi\u00e9 dans :<\/strong> <span>slimani<\/span><\/p>\n<\/div>\n<p>Auteur:<br \/>\n<a href=\"http:\/\/www.lebuteur.com\/article\/detail?titre=slimani-la-question-du-ramadan-ne-se-pose-pas-cette-annee&#038;id=95907&#038;utm_source=feedburner&#038;utm_medium=feed&#038;utm_campaign=Feed%3A+GalerieFArtciles+%28Les+derniers+articles++-+lebuteur.com%29\">Cliquez ici pour lire l&rsquo;article depuis sa source.<\/a><\/p>\n","protected":false},"excerpt":{"rendered":"<p>Auteur : mardi 12 mai 2020 16:28 Cette ann\u00e9e, en cette p\u00e9riode de crise sanitaire mondiale, le football est \u00e0 l\u2019arr\u00eat. Du coup, les joueurs musulmans peuvent je\u00fbner sans se soucier des entra\u00eenements et de la comp\u00e9tition auxquels ils avaient l\u2019habitude, par le pass\u00e9, de prendre part. C\u2018est d\u2019ailleurs l\u2019avis d\u2019Islam Slimani: \u00abPour les joueurs [&hellip;]<\/p>\n","protected":false},"author":1738,"featured_media":85224,"comment_status":"closed","ping_status":"closed","sticky":false,"template":"","format":"standard","meta":{"fifu_image_url":"","fifu_image_alt":"","footnotes":""},"categories":[53,75],"tags":[],"class_list":["post-85223","post","type-post","status-publish","format-standard","has-post-thumbnail","hentry","category-algerie","category-sport"],"_links":{"self":[{"href":"https:\/\/linitiative.ca\/International\/wp-json\/wp\/v2\/posts\/85223","targetHints":{"allow":["GET"]}}],"collection":[{"href":"https:\/\/linitiative.ca\/International\/wp-json\/wp\/v2\/posts"}],"about":[{"href":"https:\/\/linitiative.ca\/International\/wp-json\/wp\/v2\/types\/post"}],"author":[{"embeddable":true,"href":"https:\/\/linitiative.ca\/International\/wp-json\/wp\/v2\/users\/1738"}],"replies":[{"embeddable":true,"href":"https:\/\/linitiative.ca\/International\/wp-json\/wp\/v2\/comments?post=85223"}],"version-history":[{"count":0,"href":"https:\/\/linitiative.ca\/International\/wp-json\/wp\/v2\/posts\/85223\/revisions"}],"wp:featuredmedia":[{"embeddable":true,"href":"https:\/\/linitiative.ca\/International\/wp-json\/"}],"wp:attachment":[{"href":"https:\/\/linitiative.ca\/International\/wp-json\/wp\/v2\/media?parent=85223"}],"wp:term":[{"taxonomy":"category","embeddable":true,"href":"https:\/\/linitiative.ca\/International\/wp-json\/wp\/v2\/categories?post=85223"},{"taxonomy":"post_tag","embeddable":true,"href":"https:\/\/linitiative.ca\/International\/wp-json\/wp\/v2\/tags?post=85223"}],"curies":[{"name":"wp","href":"https:\/\/api.w.org\/{rel}","templated":true}]}}