{"id":85225,"date":"2020-05-12T15:18:12","date_gmt":"2020-05-12T19:18:12","guid":{"rendered":"https:\/\/linitiative.ca\/International\/m-djerad-inspecte-le-chantier-du-nouveau-stade-lere-de-limportation-tous-azimuts-est-revolue\/"},"modified":"2020-05-12T15:18:12","modified_gmt":"2020-05-12T19:18:12","slug":"m-djerad-inspecte-le-chantier-du-nouveau-stade-lere-de-limportation-tous-azimuts-est-revolue","status":"publish","type":"post","link":"https:\/\/linitiative.ca\/International\/m-djerad-inspecte-le-chantier-du-nouveau-stade-lere-de-limportation-tous-azimuts-est-revolue\/","title":{"rendered":"M. Djerad inspecte le chantier du nouveau stade : L\u2019\u00e8re de l\u2019importation tous azimuts est r\u00e9volue"},"content":{"rendered":"<div class=\"TxArtcile\" readability=\"41\">\n<p>Le Premier ministre, Abdelaziz Djerad, a soulign\u00e9 hier \u00e0 Oran que \u00abl\u2019\u00e8re de l\u2019importation tous azimuts est r\u00e9volue\u00bb, et que la nouvelle politique du gouvernement s\u2019appuie sur l\u2019encouragement de la production nationale.<br \/>\u00a0\u00abIl n\u2019est plus question d\u2019importer tout et n\u2019importe quoi\u00bb, a d\u00e9clar\u00e9 M. Djerad en marge de sa visite au chantier du nouveau stade olympique d\u2019Oran (40.000 places), mettant l\u2019accent sur les orientations de la nouvelle politique qui s\u2019appuie sur l\u2019encouragement de la production nationale et la rationalisation des d\u00e9penses, a-t-il dit.<br \/>Instruisant l\u2019entreprise charg\u00e9e de la r\u00e9alisation de la pelouse du stade \u00e0 produire le gazon et les substrats localement, le premier ministre a estim\u00e9 qu&rsquo; \u00abil n\u2019est plus question de rester d\u00e9pendant des entreprises \u00e9trang\u00e8res pour des articles que nous pouvons produire chez nous\u00bb. Le Premier ministre avait, dans le pr\u00e9c\u00e9dent point de sa visite au niveau du CHU d\u2019Oran, mis l\u2019accent sur les changements profonds que la nouvelle politique compte op\u00e9rer pour b\u00e2tir \u00abla nouvelle Alg\u00e9rie\u00bb, et dira que \u00abla crise sanitaire li\u00e9e \u00e0 la pand\u00e9mie de coronavirus est survenue dans un moment de rupture et d&rsquo;un nouveau d\u00e9part pour un syst\u00e8me politique et \u00e9conomique fond\u00e9 sur de bonnes bases\u00bb.<\/p>\n<p>&#8212;&#8212;&#8212;&#8212;&#8212;&#8212;&#8212;&#8212;&#8212;-<\/p>\n<p><strong>7 millions de masques disponibles chaque semaine<\/strong><\/p>\n<p>Le Premier ministre, Abdelaziz Djerad, a annonc\u00e9 hier \u00e0 Oran, la fourniture de 7 millions de masques de protection par semaine afin de permettre aux citoyens de se pr\u00e9munir contre le coronavirus. \u00abL\u2019Etat va fournir 7 millions de masques de protection par semaine\u00bb, a d\u00e9clar\u00e9 M. Djerad au niveau du centre hospitalo-universitaire Dr-Benzerdjeb, dans le cadre d\u2019une visite de travail qu\u2019il effectue dans la wilaya d\u2019Oran, soulignant que \u00abce moyen permet de se pr\u00e9munir contre toute infection \u00e9ventuelle du coronavirus\u00bb. Le Premier ministre a exhort\u00e9, \u00e0 l\u2019occasion, l\u2019ensemble des citoyens \u00e0 poursuivre le port du masque de protection jusqu\u2019\u00e0 la fin de cette crise sanitaire, pour \u00abvaincre\u00bb le coronavirus.\u00a0 Abdelaziz Djerad estime, \u00e0 ce sujet, que \u00abc&rsquo;est une affaire de responsabilit\u00e9 individuelle et collective\u00bb et qu&rsquo;il appartient \u00e0 l\u2019ensemble des citoyens de respecter les mesures pr\u00e9ventives pour se prot\u00e9ger et prot\u00e9ger leurs familles, saluant les \u00e9quipes m\u00e9dicales qui assurent avec d\u00e9vouement leur mission et devoir professionnel.<br \/>\u00a0<\/p>\n<\/div>\n<div class=\"ModliArtilUne\">\n<ul>\n<li><strong>Publi\u00e9 dans :<\/strong><\/li>\n<\/ul>\n<\/div>\n<div class=\"MbComIns\" id=\"newcom\" readability=\"5.6940298507463\">\n<h6>DONNEZ VOTRE AVIS<\/h6>\n<p>Il n&rsquo;y a actuellement aucune r\u00e9action \u00e0 cette information. Soyez le premier \u00e0 r\u00e9agir !<\/p>\n<p><a href=\"\" rel=\"#popup\" class=\"login resetbutton\">Identifiez-vous<\/a><a class=\"button\" href=\"http:\/\/www.elmoudjahid.com\/fr\/inscription\/\"><span>S&rsquo;inscrire<\/span><\/a><\/p>\n<\/div>\n<p>Auteur: elmoudjahid<br \/>\n<a href=\"http:\/\/www.elmoudjahid.com\/fr\/actualites\/153228\">Cliquez ici pour lire l&rsquo;article depuis sa source.<\/a><\/p>\n","protected":false},"excerpt":{"rendered":"<p>Le Premier ministre, Abdelaziz Djerad, a soulign\u00e9 hier \u00e0 Oran que \u00abl\u2019\u00e8re de l\u2019importation tous azimuts est r\u00e9volue\u00bb, et que la nouvelle politique du gouvernement s\u2019appuie sur l\u2019encouragement de la production nationale.\u00a0\u00abIl n\u2019est plus question d\u2019importer tout et n\u2019importe quoi\u00bb, a d\u00e9clar\u00e9 M. Djerad en marge de sa visite au chantier du nouveau stade olympique [&hellip;]<\/p>\n","protected":false},"author":1744,"featured_media":0,"comment_status":"closed","ping_status":"closed","sticky":false,"template":"","format":"standard","meta":{"fifu_image_url":"","fifu_image_alt":"","footnotes":""},"categories":[73,53],"tags":[],"class_list":["post-85225","post","type-post","status-publish","format-standard","hentry","category-actualite","category-algerie"],"_links":{"self":[{"href":"https:\/\/linitiative.ca\/International\/wp-json\/wp\/v2\/posts\/85225","targetHints":{"allow":["GET"]}}],"collection":[{"href":"https:\/\/linitiative.ca\/International\/wp-json\/wp\/v2\/posts"}],"about":[{"href":"https:\/\/linitiative.ca\/International\/wp-json\/wp\/v2\/types\/post"}],"author":[{"embeddable":true,"href":"https:\/\/linitiative.ca\/International\/wp-json\/wp\/v2\/users\/1744"}],"replies":[{"embeddable":true,"href":"https:\/\/linitiative.ca\/International\/wp-json\/wp\/v2\/comments?post=85225"}],"version-history":[{"count":0,"href":"https:\/\/linitiative.ca\/International\/wp-json\/wp\/v2\/posts\/85225\/revisions"}],"wp:attachment":[{"href":"https:\/\/linitiative.ca\/International\/wp-json\/wp\/v2\/media?parent=85225"}],"wp:term":[{"taxonomy":"category","embeddable":true,"href":"https:\/\/linitiative.ca\/International\/wp-json\/wp\/v2\/categories?post=85225"},{"taxonomy":"post_tag","embeddable":true,"href":"https:\/\/linitiative.ca\/International\/wp-json\/wp\/v2\/tags?post=85225"}],"curies":[{"name":"wp","href":"https:\/\/api.w.org\/{rel}","templated":true}]}}