{"id":85230,"date":"2020-05-12T07:24:47","date_gmt":"2020-05-12T11:24:47","guid":{"rendered":"https:\/\/linitiative.ca\/International\/104964-foot-coronavirus-la-commission-medicale-de-la-faf-devoile-le-protocole-sanitaire\/"},"modified":"2020-05-12T07:24:47","modified_gmt":"2020-05-12T11:24:47","slug":"104964-foot-coronavirus-la-commission-medicale-de-la-faf-devoile-le-protocole-sanitaire","status":"publish","type":"post","link":"https:\/\/linitiative.ca\/International\/104964-foot-coronavirus-la-commission-medicale-de-la-faf-devoile-le-protocole-sanitaire\/","title":{"rendered":"Foot-Coronavirus: la commission m\u00e9dicale de la FAF d\u00e9voile le protocole sanitaire"},"content":{"rendered":"<div readability=\"40\">\n<p><strong>\u00a0ALGER- La Commission m\u00e9dicale de la F\u00e9d\u00e9ration alg\u00e9rienne de football (FAF) a rappel\u00e9 aux m\u00e9decins de clubs, de ligues et tous les dirigeants des clubs, le protocole arr\u00eat\u00e9 et actualis\u00e9 par le minist\u00e8re de la Sante, de la population et de la r\u00e9forme hospitali\u00e8re (MSPRH), en vue d&rsquo;une \u00e9ventuelle reprise de la comp\u00e9tition, suspendue depuis le 16 mars en raison de la pand\u00e9mie du nouveau coronavirus (Covid-19).<\/strong><\/p>\n<\/div>\n<div readability=\"80.558131241084\">\n<p>Dans un communiqu\u00e9 publi\u00e9 sur sa page Facebook, la commission m\u00e9dicale de l&rsquo;instance f\u00e9d\u00e9rale a indiqu\u00e9 que ce rappel fait suite \u00e0 la r\u00e9union tenue dimanche 10 mai 2020, au niveau du minist\u00e8re de la Jeunesse et des Sports en pr\u00e9sence du Conseil m\u00e9dical et scientifique du Centre national de la m\u00e9decine sportive (CNMS) et additivement aux conclusions de cette r\u00e9union, \u00ab\u00a0En effet, compte tenu de l\u2019\u00e9volution de la situation \u00e9pid\u00e9miologique du nouveau coronavirus Covid-19, le minist\u00e8re de la Sant\u00e9 a actualis\u00e9 la d\u00e9finition du cas du Covid-19, et rappelle \u00e0 la r\u00e9alisation syst\u00e9matique des enqu\u00eates autour de tout cas confirm\u00e9 et probable Covid-19 et du suivi des sujets contacts identifi\u00e9s \u00e0 travers la note n 20 du 05 mai 2020\u00a0\u00bb.<\/p>\n<blockquote readability=\"11\">\n<p><em><strong>\u00a0\u00bb Les cons\u00e9quences de l&rsquo;arr\u00eat du sport ne sont pas irr\u00e9versibles. Cependant, il ne faut pas br\u00fbler les \u00e9tapes lors de la reprise au risque d&rsquo;avoir des blessures et de prolonger l\u2019arr\u00eat \u00ab\u00a0, pr\u00e9cise la commission m\u00e9dicale, qui soul\u00e8ve l\u2019importance d'\u00a0\u00bb d\u2019\u00e9valuer au cas par cas la situation physique de chaque athl\u00e8te et adapter le retour \u00e0 la comp\u00e9tition et \u00e0 l\u2019entrainement en fonction des capacit\u00e9s de chacun. La charge doit \u00eatre progressive et soutenue jusqu\u2019\u00e0 atteindre l\u2019objectif \u00ab\u00a0.<\/strong><\/em><\/p>\n<\/blockquote>\n<p>La commission pr\u00e9sid\u00e9e Djamel-Eddine Damerdji a soulign\u00e9 que \u00a0\u00bb Chaque membre de l&rsquo;\u00e9quipe devra suivre un protocole m\u00e9dical, pour les joueurs, similaire \u00e0 celui d\u2019une reprise avant une saison \u00ab\u00a0.<\/p>\n<hr\/>\n<p><strong>Lire aussi:<\/strong>\u00a0<a href=\"https:\/\/41.110.185.2\/proxy\/4334b257\/http\/www.aps.dz\/sport\/103512-covid19-foot-la-faf-envisage-des-mesures-de-soutien-et-de-relance\">Covid19-Foot: la FAF envisage des mesures de soutien et de relance<\/a><\/p>\n<hr\/>\n<p>Chaque club est appel\u00e9 \u00e0 chercher \u00a0\u00bb des crit\u00e8res cliniques, biologiques, et radiologique \u00ab\u00a0, en cas de doutes sur un cas positif : \u00a0\u00bb L&rsquo;absence d\u2019anomalies parenchymateuses, n\u2019exclut pas une infection Covid-19 dans les 3 premiers jours d\u2019apparition des sympt\u00f4mes \u00ab\u00a0, pr\u00e9cise le communiqu\u00e9.<\/p>\n<blockquote readability=\"10\">\n<p><em><strong>\u00a0\u00bb Une importance particuli\u00e8re doit \u00eatre accord\u00e9e par les m\u00e9decins de clubs \u00e0 la stricte application des directives \u00e9dict\u00e9es dans les notes et instructions suscit\u00e9es. Ces instructions et notes sont susceptibles d&rsquo;\u00e9voluer \u00e0 tout moment en fonction des informations disponibles, et de l&rsquo;\u00e9volution de la pand\u00e9mie \u00ab\u00a0, explique-t-il.<\/strong><\/em><\/p>\n<\/blockquote>\n<p>Enfin, la commission m\u00e9dicale de la FAF indique que \u00a0\u00bb les arbitres doivent ob\u00e9ir au m\u00eame protocole que les clubs, et seront, pour leur part, pris en charge par les m\u00e9decins de Ligue de r\u00e9gion les plus proches de leurs r\u00e9sidences pour \u00e9viter les d\u00e9placements \u00ab\u00a0.<\/p>\n<p>Le pr\u00e9sident de la Ligue de football professionnel (LFP), Abdelkrim Medouar, a indiqu\u00e9 dimanche \u00e0 l&rsquo;APS qu&rsquo;aucune d\u00e9cision n&rsquo;a \u00e9t\u00e9 prise concernant une \u00e9ventuelle reprise de la comp\u00e9tition, suspendue depuis mi-mars en raison du nouveau coronavirus (Covid-19), soulignant que \u00ab\u00a0tout sera tir\u00e9 au clair\u00a0\u00bb apr\u00e8s la lev\u00e9e du confinement.<\/p>\n<\/div>\n<p>Auteur:<br \/>\n<a href=\"http:\/\/www.aps.dz\/sport\/104964-foot-coronavirus-la-commission-medicale-de-la-faf-devoile-le-protocole-sanitaire?utm_source=feedburner&#038;utm_medium=feed&#038;utm_campaign=Feed%3A+aps-sport+%28APS+-+SPORT%29\">Cliquez ici pour lire l&rsquo;article depuis sa source.<\/a><\/p>\n","protected":false},"excerpt":{"rendered":"<p>\u00a0ALGER- La Commission m\u00e9dicale de la F\u00e9d\u00e9ration alg\u00e9rienne de football (FAF) a rappel\u00e9 aux m\u00e9decins de clubs, de ligues et tous les dirigeants des clubs, le protocole arr\u00eat\u00e9 et actualis\u00e9 par le minist\u00e8re de la Sante, de la population et de la r\u00e9forme hospitali\u00e8re (MSPRH), en vue d&rsquo;une \u00e9ventuelle reprise de la comp\u00e9tition, suspendue depuis [&hellip;]<\/p>\n","protected":false},"author":1790,"featured_media":0,"comment_status":"closed","ping_status":"closed","sticky":false,"template":"","format":"standard","meta":{"fifu_image_url":"","fifu_image_alt":"","footnotes":""},"categories":[53,75],"tags":[],"class_list":["post-85230","post","type-post","status-publish","format-standard","hentry","category-algerie","category-sport"],"_links":{"self":[{"href":"https:\/\/linitiative.ca\/International\/wp-json\/wp\/v2\/posts\/85230","targetHints":{"allow":["GET"]}}],"collection":[{"href":"https:\/\/linitiative.ca\/International\/wp-json\/wp\/v2\/posts"}],"about":[{"href":"https:\/\/linitiative.ca\/International\/wp-json\/wp\/v2\/types\/post"}],"author":[{"embeddable":true,"href":"https:\/\/linitiative.ca\/International\/wp-json\/wp\/v2\/users\/1790"}],"replies":[{"embeddable":true,"href":"https:\/\/linitiative.ca\/International\/wp-json\/wp\/v2\/comments?post=85230"}],"version-history":[{"count":0,"href":"https:\/\/linitiative.ca\/International\/wp-json\/wp\/v2\/posts\/85230\/revisions"}],"wp:attachment":[{"href":"https:\/\/linitiative.ca\/International\/wp-json\/wp\/v2\/media?parent=85230"}],"wp:term":[{"taxonomy":"category","embeddable":true,"href":"https:\/\/linitiative.ca\/International\/wp-json\/wp\/v2\/categories?post=85230"},{"taxonomy":"post_tag","embeddable":true,"href":"https:\/\/linitiative.ca\/International\/wp-json\/wp\/v2\/tags?post=85230"}],"curies":[{"name":"wp","href":"https:\/\/api.w.org\/{rel}","templated":true}]}}