{"id":85231,"date":"2020-05-12T10:31:23","date_gmt":"2020-05-12T14:31:23","guid":{"rendered":"https:\/\/linitiative.ca\/International\/104973-covid19-judo-des-seminaires-par-video-conference-pour-les-techniciens-africains\/"},"modified":"2020-05-12T10:31:23","modified_gmt":"2020-05-12T14:31:23","slug":"104973-covid19-judo-des-seminaires-par-video-conference-pour-les-techniciens-africains","status":"publish","type":"post","link":"https:\/\/linitiative.ca\/International\/104973-covid19-judo-des-seminaires-par-video-conference-pour-les-techniciens-africains\/","title":{"rendered":"Covid19-Judo: des s\u00e9minaires par vid\u00e9o conf\u00e9rence pour les techniciens africains"},"content":{"rendered":"<div readability=\"35\">\n<p><strong>ALGER &#8211; L&rsquo;Union africaine de judo (UAJ) compte organiser des s\u00e9minaires par vid\u00e9o conf\u00e9rence pour l&rsquo;ensemble des techniciens des quatre r\u00e9gions du continent, durant le confinement en raison de la pand\u00e9mie de coronavirus (Covid-19).<\/strong><\/p>\n<\/div>\n<div readability=\"80.612291666667\">\n<p>\u00ab\u00a0A cause du Covid-19 qui emp\u00eache les d\u00e9placements de nos experts africains \u00e0 travers le continent, nous allons organiser quatre s\u00e9minaires, inscrits au calendrier de l\u2019UAJ, \u00e0 partir de ce mois (mai)\u00a0\u00bb, a d\u00e9clar\u00e9 \u00e0 l&rsquo;APS, le 1er vice-pr\u00e9sident de l&rsquo;instance africaine, charg\u00e9 du volet technique, l\u2019Alg\u00e9rien Mohamed Meridja.<\/p>\n<p>Ces rencontres entre techniciens africains seront destin\u00e9es aux directeurs d&rsquo;arbitrage, directeurs sportifs et de l&rsquo;\u00e9ducation, avec \u00e0 chaque fois, un m\u00eame contenu pour unifier les connaissances dans le domaine.<\/p>\n<blockquote readability=\"13\">\n<p><em><strong>\u00ab\u00a0On organisera chaque mois un s\u00e9minaire. Le premier est programm\u00e9 (si tout va bien), pour le 28 mai et sera destin\u00e9 aux pays francophones du continent o\u00f9 chacun aura ses repr\u00e9sentants. S\u2019ensuivra, celui des pays anglophones, puis lusophones \u00ab\u00a0, a expliqu\u00e9 Meridja, ajoutant que \u00e7a sera l\u2019occasion aux participants de rester en activit\u00e9 et acqu\u00e9rir de nouvelles connaissances chacun dans son champ d&rsquo;activit\u00e9.<\/strong><\/em><\/p>\n<\/blockquote>\n<hr\/>\n<h3>Lire aussi:\u00a0<a href=\"http:\/\/www.aps.dz\/sport\/104734-judo-les-championnats-d-afrique-reprogrammes-en-novembre-et-decembre-prochains\" target=\"_blank\" rel=\"noopener noreferrer\">Judo: les Championnats d\u2019Afrique reprogramm\u00e9s en novembre et d\u00e9cembre prochains<\/a><\/h3>\n<hr\/>\n<p>L&rsquo;ancien champion d\u2019Afrique alg\u00e9rien et vice-pr\u00e9sident du Comit\u00e9 Olympique et Sportif Alg\u00e9rien (COA) a rappel\u00e9 qu&rsquo;en raison du coronavirus, l&rsquo;Union africain de judo s\u2019est align\u00e9e sur la d\u00e9cision de la F\u00e9d\u00e9ration Internationale de judo (FIJ), en annulant toute les comp\u00e9titions pr\u00e9vues avant le mois de septembre.<\/p>\n<p>\u00ab\u00a0Effectivement, toutes les comp\u00e9titions africaines programm\u00e9es avant septembre 2020 ont \u00e9t\u00e9 annul\u00e9es ou report\u00e9es. Si la situation sanitaire s\u2019am\u00e9liore, on reprendra en septembre, avec d\u2019important rendez-vous pour nos athl\u00e8tes (championnats et tournois de qualification aux Jeux Olympiques-2021\u00a0\u00bb, a soulign\u00e9 le membre\u00a0 de l&rsquo;instance internationale.<\/p>\n<blockquote readability=\"8\">\n<p><em><strong>L&rsquo;am\u00e9lioration de la situation en Afrique permettra \u00e0 l&rsquo;UAJ de renouer avec le d\u00e9placement de ses cadres et experts \u00e0 travers le continent pour reprendre les diff\u00e9rents stages, s\u00e9minaires et formations destin\u00e9s aux techniciens africains.<\/strong><\/em><\/p>\n<\/blockquote>\n<p>\u00ab\u00a0L&rsquo;am\u00e9lioration de la situation va nous permettre, d\u00e8s novembre prochain (apr\u00e8s la World Cup Africa de Yaound\u00e9 au Cameroun), d\u2019envoyer nos experts pour sillonner l\u2019Afrique afin d\u2019animer des activit\u00e9s, proprement dit technique, et \u00eatre au contact avec les stagiaires\u00a0\u00bb, a souhait\u00e9 Meridja, assurant que l\u2019instance a mis tous les moyens n\u00e9cessaires pour r\u00e9ussir ses \u00e9v\u00e9nements.<\/p>\n<\/div>\n<p>Auteur:<br \/>\n<a href=\"http:\/\/www.aps.dz\/sport\/104973-covid19-judo-des-seminaires-par-video-conference-pour-les-techniciens-africains?utm_source=feedburner&#038;utm_medium=feed&#038;utm_campaign=Feed%3A+aps-sport+%28APS+-+SPORT%29\">Cliquez ici pour lire l&rsquo;article depuis sa source.<\/a><\/p>\n","protected":false},"excerpt":{"rendered":"<p>ALGER &#8211; L&rsquo;Union africaine de judo (UAJ) compte organiser des s\u00e9minaires par vid\u00e9o conf\u00e9rence pour l&rsquo;ensemble des techniciens des quatre r\u00e9gions du continent, durant le confinement en raison de la pand\u00e9mie de coronavirus (Covid-19). \u00ab\u00a0A cause du Covid-19 qui emp\u00eache les d\u00e9placements de nos experts africains \u00e0 travers le continent, nous allons organiser quatre s\u00e9minaires, [&hellip;]<\/p>\n","protected":false},"author":1790,"featured_media":0,"comment_status":"closed","ping_status":"closed","sticky":false,"template":"","format":"standard","meta":{"fifu_image_url":"","fifu_image_alt":"","footnotes":""},"categories":[53,75],"tags":[],"class_list":["post-85231","post","type-post","status-publish","format-standard","hentry","category-algerie","category-sport"],"_links":{"self":[{"href":"https:\/\/linitiative.ca\/International\/wp-json\/wp\/v2\/posts\/85231","targetHints":{"allow":["GET"]}}],"collection":[{"href":"https:\/\/linitiative.ca\/International\/wp-json\/wp\/v2\/posts"}],"about":[{"href":"https:\/\/linitiative.ca\/International\/wp-json\/wp\/v2\/types\/post"}],"author":[{"embeddable":true,"href":"https:\/\/linitiative.ca\/International\/wp-json\/wp\/v2\/users\/1790"}],"replies":[{"embeddable":true,"href":"https:\/\/linitiative.ca\/International\/wp-json\/wp\/v2\/comments?post=85231"}],"version-history":[{"count":0,"href":"https:\/\/linitiative.ca\/International\/wp-json\/wp\/v2\/posts\/85231\/revisions"}],"wp:attachment":[{"href":"https:\/\/linitiative.ca\/International\/wp-json\/wp\/v2\/media?parent=85231"}],"wp:term":[{"taxonomy":"category","embeddable":true,"href":"https:\/\/linitiative.ca\/International\/wp-json\/wp\/v2\/categories?post=85231"},{"taxonomy":"post_tag","embeddable":true,"href":"https:\/\/linitiative.ca\/International\/wp-json\/wp\/v2\/tags?post=85231"}],"curies":[{"name":"wp","href":"https:\/\/api.w.org\/{rel}","templated":true}]}}