{"id":85238,"date":"2020-05-12T14:42:00","date_gmt":"2020-05-12T18:42:00","guid":{"rendered":"https:\/\/linitiative.ca\/International\/commercants-impactes-par-le-covid-19-le-ministre-du-commerce-sexprime\/"},"modified":"2020-05-12T14:42:00","modified_gmt":"2020-05-12T18:42:00","slug":"commercants-impactes-par-le-covid-19-le-ministre-du-commerce-sexprime","status":"publish","type":"post","link":"https:\/\/linitiative.ca\/International\/commercants-impactes-par-le-covid-19-le-ministre-du-commerce-sexprime\/","title":{"rendered":"COMMER\u00c7ANTS IMPACTES PAR LE COVID-19 : Le ministre du  commerce s\u2019exprime"},"content":{"rendered":"<p><br id=\"sep_para_1\" class=\"sep_para access\"\/><\/p>\n<div id=\"para_1\" class=\"para_36932790 resize\">\n<div class=\"texte access firstletter\">En effet, dans un entretien accord\u00e9 \u00e0 l\u2019agence officielle, Kamel Rezig a estim\u00e9 que les chiffres avanc\u00e9s par certains experts \u00e9conomiques sur les pertes subies par les commer\u00e7ants durant la p\u00e9riode du confinement \u00ab ne s\u2019appuient pas \u00e0 des r\u00e8gles scientifiques pr\u00e9cises \u00bb. Le ministre a fait savoir que \u00ab plusieurs r\u00e9unions ont \u00e9t\u00e9 tenues avec les repr\u00e9sentants des commer\u00e7ants sans que nous puissions arr\u00eater un chiffre exact ni les taux de pr\u00e9judice pour les activit\u00e9s. Les chiffres doivent \u00eatre bas\u00e9s sur des \u00e9tudes de terrain et pour l\u2019heure nous sommes dans l\u2019incapacit\u00e9 de donner un chiffre d\u00e9finitif car le confinement n\u2019est pas encore lev\u00e9 \u00bb, a-t-il dit. Rezig a expliqu\u00e9 que compte tenu des disparit\u00e9s dans les activit\u00e9s, \u00ab il est question de d\u00e9terminer les pertes enregistr\u00e9es dans chaque activit\u00e9 \u00e0 part (activit\u00e9s compl\u00e8tement \u00e0 l\u2019arr\u00eat, activit\u00e9s dont l\u2019exercice est limit\u00e9 dans le temps etc) avec l\u2019\u00e9tude des demandes des commer\u00e7ants qui diff\u00e8rent en fonction de la situation de chaque cat\u00e9gorie \u00bb. Selon lui, \u00ab 50% des activit\u00e9s commerciales avaient \u00e9t\u00e9 restreintes seulement mais malheureusement les citoyens n\u2019ont pas respect\u00e9 les consignes de pr\u00e9vention \u00bb, a-t-il d\u00e9plor\u00e9, affirmant que \u00ab notre mission n\u2019est pas de fermer le commerce mais lorsqu\u2019il s\u2019agit de choisir c\u2019est bien s\u00fbr la pr\u00e9servation de la vie qui prime \u00bb. \u00ab Nous \u0153uvrons n\u00e9anmoins \u00e0 nous adapter \u00e0 la situation et dans ce sens nous avons fait obligation du port de masques pour les commer\u00e7ants et leurs personnels \u00bb, a-t-il ajout\u00e9 rappelant les mesures de fermeture pour tout commer\u00e7ant qui transgresse cette obligation et celle de d\u00e9sinfection de son local.<\/div>\n<\/div>\n<p>Auteur: Ismain<br \/>\n<a href=\"https:\/\/www.reflexiondz.net\/COMMERCANTS-IMPACTES-PAR-LE-COVID-19-Le-ministre-du-commerce-s-exprime_a62665.html\">Cliquez ici pour lire l&rsquo;article depuis sa source.<\/a><\/p>\n","protected":false},"excerpt":{"rendered":"<p>En effet, dans un entretien accord\u00e9 \u00e0 l\u2019agence officielle, Kamel Rezig a estim\u00e9 que les chiffres avanc\u00e9s par certains experts \u00e9conomiques sur les pertes subies par les commer\u00e7ants durant la p\u00e9riode du confinement \u00ab ne s\u2019appuient pas \u00e0 des r\u00e8gles scientifiques pr\u00e9cises \u00bb. Le ministre a fait savoir que \u00ab plusieurs r\u00e9unions ont \u00e9t\u00e9 tenues [&hellip;]<\/p>\n","protected":false},"author":1740,"featured_media":0,"comment_status":"closed","ping_status":"closed","sticky":false,"template":"","format":"standard","meta":{"fifu_image_url":"","fifu_image_alt":"","footnotes":""},"categories":[53,76],"tags":[],"class_list":["post-85238","post","type-post","status-publish","format-standard","hentry","category-algerie","category-regions"],"_links":{"self":[{"href":"https:\/\/linitiative.ca\/International\/wp-json\/wp\/v2\/posts\/85238","targetHints":{"allow":["GET"]}}],"collection":[{"href":"https:\/\/linitiative.ca\/International\/wp-json\/wp\/v2\/posts"}],"about":[{"href":"https:\/\/linitiative.ca\/International\/wp-json\/wp\/v2\/types\/post"}],"author":[{"embeddable":true,"href":"https:\/\/linitiative.ca\/International\/wp-json\/wp\/v2\/users\/1740"}],"replies":[{"embeddable":true,"href":"https:\/\/linitiative.ca\/International\/wp-json\/wp\/v2\/comments?post=85238"}],"version-history":[{"count":0,"href":"https:\/\/linitiative.ca\/International\/wp-json\/wp\/v2\/posts\/85238\/revisions"}],"wp:attachment":[{"href":"https:\/\/linitiative.ca\/International\/wp-json\/wp\/v2\/media?parent=85238"}],"wp:term":[{"taxonomy":"category","embeddable":true,"href":"https:\/\/linitiative.ca\/International\/wp-json\/wp\/v2\/categories?post=85238"},{"taxonomy":"post_tag","embeddable":true,"href":"https:\/\/linitiative.ca\/International\/wp-json\/wp\/v2\/tags?post=85238"}],"curies":[{"name":"wp","href":"https:\/\/api.w.org\/{rel}","templated":true}]}}